{"id":1064,"date":"2025-01-20T19:37:14","date_gmt":"2025-01-20T16:37:14","guid":{"rendered":"https:\/\/azu-uffenheim.de\/ce-que-vous-devez-savoir-sur-lassurance-maladie-en-allemagne\/"},"modified":"2025-01-20T19:37:14","modified_gmt":"2025-01-20T16:37:14","slug":"ce-que-vous-devez-savoir-sur-lassurance-maladie-en-allemagne","status":"publish","type":"post","link":"https:\/\/azu-uffenheim.de\/fr\/ce-que-vous-devez-savoir-sur-lassurance-maladie-en-allemagne\/","title":{"rendered":"Ce que vous devez savoir sur l\u2019assurance maladie en Allemagne"},"content":{"rendered":"\n\n\n<p>En Allemagne, l\u2019assurance maladie est l\u00e9galement obligatoire, et chaque r\u00e9sident doit souscrire une couverture adapt\u00e9e. Choisir la bonne assurance peut toutefois repr\u00e9senter un d\u00e9fi en raison de la diversit\u00e9 des options disponibles. Un <strong>m\u00e9decin de famille<\/strong> peut vous aider \u00e0 d\u00e9terminer quel type d\u2019assurance correspond le mieux \u00e0 vos besoins. Qu\u2019elle soit publique ou priv\u00e9e, votre assurance maladie d\u00e9termine les prestations auxquelles vous avez acc\u00e8s et le montant que vous devrez payer de votre poche.   <\/p>\n\n\n\n<p>L\u2019assurance maladie publique est le choix privil\u00e9gi\u00e9 de nombreuses personnes, car elle offre une couverture compl\u00e8te. Cependant, vous devez savoir que certaines prestations ne sont pas toujours prises en charge. Dans certains cas, il peut \u00eatre n\u00e9cessaire de souscrire une assurance compl\u00e9mentaire priv\u00e9e. Un <strong>m\u00e9decin de famille <\/strong>peut vous aider \u00e0 prendre la meilleure d\u00e9cision en fonction de vos besoins de sant\u00e9 individuels et de votre situation financi\u00e8re.   <\/p>\n\n\n\n<p>De plus, l\u2019Allemagne propose des offres sp\u00e9ciales pour les familles. Si vous avez une famille, vous devez vous assurer que tous les membres sont inclus dans votre assurance maladie. Un <strong>m\u00e9decin<\/strong> peut vous accompagner dans le choix des meilleures options pour toute votre famille afin de garantir que chacun reste en bonne sant\u00e9 et re\u00e7oive les soins m\u00e9dicaux n\u00e9cessaires.  <\/p>\n\n\n\n<p><\/p>\n","protected":false},"excerpt":{"rendered":"<p>En Allemagne, l\u2019assurance maladie est l\u00e9galement obligatoire, et chaque r\u00e9sident doit souscrire une couverture adapt\u00e9e. Choisir la bonne assurance peut toutefois repr\u00e9senter un d\u00e9fi en raison de la diversit\u00e9 des options disponibles. Un m\u00e9decin de famille peut vous aider \u00e0 d\u00e9terminer quel type d\u2019assurance correspond le mieux \u00e0 vos besoins. Qu\u2019elle soit publique ou priv\u00e9e,<\/p>\n","protected":false},"author":1,"featured_media":938,"comment_status":"closed","ping_status":"closed","sticky":false,"template":"","format":"standard","meta":{"footnotes":""},"categories":[58],"tags":[],"class_list":["post-1064","post","type-post","status-publish","format-standard","has-post-thumbnail","hentry","category-conseils-de-sante-fr"],"yoast_head":"<!-- This site is optimized with the Yoast SEO plugin v27.4 - https:\/\/yoast.com\/product\/yoast-seo-wordpress\/ -->\n<title>Ce que vous devez savoir sur l\u2019assurance maladie en Allemagne - azu-uffenheim.de<\/title>\n<meta name=\"robots\" content=\"index, follow, max-snippet:-1, max-image-preview:large, max-video-preview:-1\" \/>\n<link rel=\"canonical\" href=\"https:\/\/azu-uffenheim.de\/fr\/ce-que-vous-devez-savoir-sur-lassurance-maladie-en-allemagne\/\" \/>\n<meta property=\"og:locale\" content=\"fr_FR\" \/>\n<meta property=\"og:type\" content=\"article\" \/>\n<meta property=\"og:title\" content=\"Ce que vous devez savoir sur l\u2019assurance maladie en Allemagne - azu-uffenheim.de\" \/>\n<meta property=\"og:description\" content=\"En Allemagne, l\u2019assurance maladie est l\u00e9galement obligatoire, et chaque r\u00e9sident doit souscrire une couverture adapt\u00e9e. Choisir la bonne assurance peut toutefois repr\u00e9senter un d\u00e9fi en raison de la diversit\u00e9 des options disponibles. Un m\u00e9decin de famille peut vous aider \u00e0 d\u00e9terminer quel type d\u2019assurance correspond le mieux \u00e0 vos besoins. Qu\u2019elle soit publique ou priv\u00e9e,\" \/>\n<meta property=\"og:url\" content=\"https:\/\/azu-uffenheim.de\/fr\/ce-que-vous-devez-savoir-sur-lassurance-maladie-en-allemagne\/\" \/>\n<meta property=\"og:site_name\" content=\"azu-uffenheim.de\" \/>\n<meta property=\"article:published_time\" content=\"2025-01-20T16:37:14+00:00\" \/>\n<meta property=\"og:image\" content=\"https:\/\/azu-uffenheim.de\/wp-content\/uploads\/2025\/01\/Aerztehaus-Uff-01-24-66-scaled.jpg\" \/>\n\t<meta property=\"og:image:width\" content=\"2560\" \/>\n\t<meta property=\"og:image:height\" content=\"1697\" \/>\n\t<meta property=\"og:image:type\" content=\"image\/jpeg\" \/>\n<meta name=\"author\" content=\"admin\" \/>\n<meta name=\"twitter:card\" content=\"summary_large_image\" \/>\n<meta name=\"twitter:label1\" content=\"\u00c9crit par\" \/>\n\t<meta name=\"twitter:data1\" content=\"admin\" \/>\n\t<meta name=\"twitter:label2\" content=\"Dur\u00e9e de lecture estim\u00e9e\" \/>\n\t<meta name=\"twitter:data2\" content=\"1 minute\" \/>\n<script type=\"application\/ld+json\" class=\"yoast-schema-graph\">{\"@context\":\"https:\\\/\\\/schema.org\",\"@graph\":[{\"@type\":\"Article\",\"@id\":\"https:\\\/\\\/azu-uffenheim.de\\\/fr\\\/ce-que-vous-devez-savoir-sur-lassurance-maladie-en-allemagne\\\/#article\",\"isPartOf\":{\"@id\":\"https:\\\/\\\/azu-uffenheim.de\\\/fr\\\/ce-que-vous-devez-savoir-sur-lassurance-maladie-en-allemagne\\\/\"},\"author\":{\"name\":\"admin\",\"@id\":\"https:\\\/\\\/azu-uffenheim.de\\\/#\\\/schema\\\/person\\\/2c283feea9908ff438388908bf3b3000\"},\"headline\":\"Ce que vous devez savoir sur l\u2019assurance maladie en Allemagne\",\"datePublished\":\"2025-01-20T16:37:14+00:00\",\"mainEntityOfPage\":{\"@id\":\"https:\\\/\\\/azu-uffenheim.de\\\/fr\\\/ce-que-vous-devez-savoir-sur-lassurance-maladie-en-allemagne\\\/\"},\"wordCount\":238,\"publisher\":{\"@id\":\"https:\\\/\\\/azu-uffenheim.de\\\/#organization\"},\"image\":{\"@id\":\"https:\\\/\\\/azu-uffenheim.de\\\/fr\\\/ce-que-vous-devez-savoir-sur-lassurance-maladie-en-allemagne\\\/#primaryimage\"},\"thumbnailUrl\":\"https:\\\/\\\/azu-uffenheim.de\\\/wp-content\\\/uploads\\\/2025\\\/01\\\/Aerztehaus-Uff-01-24-66-scaled.jpg\",\"articleSection\":[\"Conseils de sant\u00e9\"],\"inLanguage\":\"fr-FR\"},{\"@type\":\"WebPage\",\"@id\":\"https:\\\/\\\/azu-uffenheim.de\\\/fr\\\/ce-que-vous-devez-savoir-sur-lassurance-maladie-en-allemagne\\\/\",\"url\":\"https:\\\/\\\/azu-uffenheim.de\\\/fr\\\/ce-que-vous-devez-savoir-sur-lassurance-maladie-en-allemagne\\\/\",\"name\":\"Ce que vous devez savoir sur l\u2019assurance maladie en Allemagne - azu-uffenheim.de\",\"isPartOf\":{\"@id\":\"https:\\\/\\\/azu-uffenheim.de\\\/#website\"},\"primaryImageOfPage\":{\"@id\":\"https:\\\/\\\/azu-uffenheim.de\\\/fr\\\/ce-que-vous-devez-savoir-sur-lassurance-maladie-en-allemagne\\\/#primaryimage\"},\"image\":{\"@id\":\"https:\\\/\\\/azu-uffenheim.de\\\/fr\\\/ce-que-vous-devez-savoir-sur-lassurance-maladie-en-allemagne\\\/#primaryimage\"},\"thumbnailUrl\":\"https:\\\/\\\/azu-uffenheim.de\\\/wp-content\\\/uploads\\\/2025\\\/01\\\/Aerztehaus-Uff-01-24-66-scaled.jpg\",\"datePublished\":\"2025-01-20T16:37:14+00:00\",\"breadcrumb\":{\"@id\":\"https:\\\/\\\/azu-uffenheim.de\\\/fr\\\/ce-que-vous-devez-savoir-sur-lassurance-maladie-en-allemagne\\\/#breadcrumb\"},\"inLanguage\":\"fr-FR\",\"potentialAction\":[{\"@type\":\"ReadAction\",\"target\":[\"https:\\\/\\\/azu-uffenheim.de\\\/fr\\\/ce-que-vous-devez-savoir-sur-lassurance-maladie-en-allemagne\\\/\"]}]},{\"@type\":\"ImageObject\",\"inLanguage\":\"fr-FR\",\"@id\":\"https:\\\/\\\/azu-uffenheim.de\\\/fr\\\/ce-que-vous-devez-savoir-sur-lassurance-maladie-en-allemagne\\\/#primaryimage\",\"url\":\"https:\\\/\\\/azu-uffenheim.de\\\/wp-content\\\/uploads\\\/2025\\\/01\\\/Aerztehaus-Uff-01-24-66-scaled.jpg\",\"contentUrl\":\"https:\\\/\\\/azu-uffenheim.de\\\/wp-content\\\/uploads\\\/2025\\\/01\\\/Aerztehaus-Uff-01-24-66-scaled.jpg\",\"width\":2560,\"height\":1697,\"caption\":\"Illustratives Foto zur medizinischen Thematik\"},{\"@type\":\"BreadcrumbList\",\"@id\":\"https:\\\/\\\/azu-uffenheim.de\\\/fr\\\/ce-que-vous-devez-savoir-sur-lassurance-maladie-en-allemagne\\\/#breadcrumb\",\"itemListElement\":[{\"@type\":\"ListItem\",\"position\":1,\"name\":\"\u0413\u043b\u0430\u0432\u043d\u0430\u044f \u0441\u0442\u0440\u0430\u043d\u0438\u0446\u0430\",\"item\":\"https:\\\/\\\/azu-uffenheim.de\\\/fr\\\/\"},{\"@type\":\"ListItem\",\"position\":2,\"name\":\"Ce que vous devez savoir sur l\u2019assurance maladie en Allemagne\"}]},{\"@type\":\"WebSite\",\"@id\":\"https:\\\/\\\/azu-uffenheim.de\\\/#website\",\"url\":\"https:\\\/\\\/azu-uffenheim.de\\\/\",\"name\":\"azu-uffenheim.de\",\"description\":\"IHR MEDIZINISCHES  VERSORGUNGSZENTRUM IN UFFENHEIM\",\"publisher\":{\"@id\":\"https:\\\/\\\/azu-uffenheim.de\\\/#organization\"},\"potentialAction\":[{\"@type\":\"SearchAction\",\"target\":{\"@type\":\"EntryPoint\",\"urlTemplate\":\"https:\\\/\\\/azu-uffenheim.de\\\/?s={search_term_string}\"},\"query-input\":{\"@type\":\"PropertyValueSpecification\",\"valueRequired\":true,\"valueName\":\"search_term_string\"}}],\"inLanguage\":\"fr-FR\"},{\"@type\":\"Organization\",\"@id\":\"https:\\\/\\\/azu-uffenheim.de\\\/#organization\",\"name\":\"ZU \u00c4RZTEZENTRUM UFFENHEIM\",\"url\":\"https:\\\/\\\/azu-uffenheim.de\\\/\",\"logo\":{\"@type\":\"ImageObject\",\"inLanguage\":\"fr-FR\",\"@id\":\"https:\\\/\\\/azu-uffenheim.de\\\/#\\\/schema\\\/logo\\\/image\\\/\",\"url\":\"https:\\\/\\\/azu-uffenheim.de\\\/wp-content\\\/uploads\\\/2024\\\/12\\\/AZU_Logo_Farbig.png\",\"contentUrl\":\"https:\\\/\\\/azu-uffenheim.de\\\/wp-content\\\/uploads\\\/2024\\\/12\\\/AZU_Logo_Farbig.png\",\"width\":3143,\"height\":532,\"caption\":\"ZU \u00c4RZTEZENTRUM UFFENHEIM\"},\"image\":{\"@id\":\"https:\\\/\\\/azu-uffenheim.de\\\/#\\\/schema\\\/logo\\\/image\\\/\"}},{\"@type\":\"Person\",\"@id\":\"https:\\\/\\\/azu-uffenheim.de\\\/#\\\/schema\\\/person\\\/2c283feea9908ff438388908bf3b3000\",\"name\":\"admin\",\"sameAs\":[\"https:\\\/\\\/9000web.com\\\/azu\"],\"url\":\"https:\\\/\\\/azu-uffenheim.de\\\/fr\\\/author\\\/admin\\\/\"}]}<\/script>\n<!-- \/ Yoast SEO plugin. -->","yoast_head_json":{"title":"Ce que vous devez savoir sur l\u2019assurance maladie en Allemagne - azu-uffenheim.de","robots":{"index":"index","follow":"follow","max-snippet":"max-snippet:-1","max-image-preview":"max-image-preview:large","max-video-preview":"max-video-preview:-1"},"canonical":"https:\/\/azu-uffenheim.de\/fr\/ce-que-vous-devez-savoir-sur-lassurance-maladie-en-allemagne\/","og_locale":"fr_FR","og_type":"article","og_title":"Ce que vous devez savoir sur l\u2019assurance maladie en Allemagne - azu-uffenheim.de","og_description":"En Allemagne, l\u2019assurance maladie est l\u00e9galement obligatoire, et chaque r\u00e9sident doit souscrire une couverture adapt\u00e9e. Choisir la bonne assurance peut toutefois repr\u00e9senter un d\u00e9fi en raison de la diversit\u00e9 des options disponibles. Un m\u00e9decin de famille peut vous aider \u00e0 d\u00e9terminer quel type d\u2019assurance correspond le mieux \u00e0 vos besoins. Qu\u2019elle soit publique ou priv\u00e9e,","og_url":"https:\/\/azu-uffenheim.de\/fr\/ce-que-vous-devez-savoir-sur-lassurance-maladie-en-allemagne\/","og_site_name":"azu-uffenheim.de","article_published_time":"2025-01-20T16:37:14+00:00","og_image":[{"width":2560,"height":1697,"url":"https:\/\/azu-uffenheim.de\/wp-content\/uploads\/2025\/01\/Aerztehaus-Uff-01-24-66-scaled.jpg","type":"image\/jpeg"}],"author":"admin","twitter_card":"summary_large_image","twitter_misc":{"\u00c9crit par":"admin","Dur\u00e9e de lecture estim\u00e9e":"1 minute"},"schema":{"@context":"https:\/\/schema.org","@graph":[{"@type":"Article","@id":"https:\/\/azu-uffenheim.de\/fr\/ce-que-vous-devez-savoir-sur-lassurance-maladie-en-allemagne\/#article","isPartOf":{"@id":"https:\/\/azu-uffenheim.de\/fr\/ce-que-vous-devez-savoir-sur-lassurance-maladie-en-allemagne\/"},"author":{"name":"admin","@id":"https:\/\/azu-uffenheim.de\/#\/schema\/person\/2c283feea9908ff438388908bf3b3000"},"headline":"Ce que vous devez savoir sur l\u2019assurance maladie en Allemagne","datePublished":"2025-01-20T16:37:14+00:00","mainEntityOfPage":{"@id":"https:\/\/azu-uffenheim.de\/fr\/ce-que-vous-devez-savoir-sur-lassurance-maladie-en-allemagne\/"},"wordCount":238,"publisher":{"@id":"https:\/\/azu-uffenheim.de\/#organization"},"image":{"@id":"https:\/\/azu-uffenheim.de\/fr\/ce-que-vous-devez-savoir-sur-lassurance-maladie-en-allemagne\/#primaryimage"},"thumbnailUrl":"https:\/\/azu-uffenheim.de\/wp-content\/uploads\/2025\/01\/Aerztehaus-Uff-01-24-66-scaled.jpg","articleSection":["Conseils de sant\u00e9"],"inLanguage":"fr-FR"},{"@type":"WebPage","@id":"https:\/\/azu-uffenheim.de\/fr\/ce-que-vous-devez-savoir-sur-lassurance-maladie-en-allemagne\/","url":"https:\/\/azu-uffenheim.de\/fr\/ce-que-vous-devez-savoir-sur-lassurance-maladie-en-allemagne\/","name":"Ce que vous devez savoir sur l\u2019assurance maladie en Allemagne - azu-uffenheim.de","isPartOf":{"@id":"https:\/\/azu-uffenheim.de\/#website"},"primaryImageOfPage":{"@id":"https:\/\/azu-uffenheim.de\/fr\/ce-que-vous-devez-savoir-sur-lassurance-maladie-en-allemagne\/#primaryimage"},"image":{"@id":"https:\/\/azu-uffenheim.de\/fr\/ce-que-vous-devez-savoir-sur-lassurance-maladie-en-allemagne\/#primaryimage"},"thumbnailUrl":"https:\/\/azu-uffenheim.de\/wp-content\/uploads\/2025\/01\/Aerztehaus-Uff-01-24-66-scaled.jpg","datePublished":"2025-01-20T16:37:14+00:00","breadcrumb":{"@id":"https:\/\/azu-uffenheim.de\/fr\/ce-que-vous-devez-savoir-sur-lassurance-maladie-en-allemagne\/#breadcrumb"},"inLanguage":"fr-FR","potentialAction":[{"@type":"ReadAction","target":["https:\/\/azu-uffenheim.de\/fr\/ce-que-vous-devez-savoir-sur-lassurance-maladie-en-allemagne\/"]}]},{"@type":"ImageObject","inLanguage":"fr-FR","@id":"https:\/\/azu-uffenheim.de\/fr\/ce-que-vous-devez-savoir-sur-lassurance-maladie-en-allemagne\/#primaryimage","url":"https:\/\/azu-uffenheim.de\/wp-content\/uploads\/2025\/01\/Aerztehaus-Uff-01-24-66-scaled.jpg","contentUrl":"https:\/\/azu-uffenheim.de\/wp-content\/uploads\/2025\/01\/Aerztehaus-Uff-01-24-66-scaled.jpg","width":2560,"height":1697,"caption":"Illustratives Foto zur medizinischen Thematik"},{"@type":"BreadcrumbList","@id":"https:\/\/azu-uffenheim.de\/fr\/ce-que-vous-devez-savoir-sur-lassurance-maladie-en-allemagne\/#breadcrumb","itemListElement":[{"@type":"ListItem","position":1,"name":"\u0413\u043b\u0430\u0432\u043d\u0430\u044f \u0441\u0442\u0440\u0430\u043d\u0438\u0446\u0430","item":"https:\/\/azu-uffenheim.de\/fr\/"},{"@type":"ListItem","position":2,"name":"Ce que vous devez savoir sur l\u2019assurance maladie en Allemagne"}]},{"@type":"WebSite","@id":"https:\/\/azu-uffenheim.de\/#website","url":"https:\/\/azu-uffenheim.de\/","name":"azu-uffenheim.de","description":"IHR MEDIZINISCHES  VERSORGUNGSZENTRUM IN UFFENHEIM","publisher":{"@id":"https:\/\/azu-uffenheim.de\/#organization"},"potentialAction":[{"@type":"SearchAction","target":{"@type":"EntryPoint","urlTemplate":"https:\/\/azu-uffenheim.de\/?s={search_term_string}"},"query-input":{"@type":"PropertyValueSpecification","valueRequired":true,"valueName":"search_term_string"}}],"inLanguage":"fr-FR"},{"@type":"Organization","@id":"https:\/\/azu-uffenheim.de\/#organization","name":"ZU \u00c4RZTEZENTRUM UFFENHEIM","url":"https:\/\/azu-uffenheim.de\/","logo":{"@type":"ImageObject","inLanguage":"fr-FR","@id":"https:\/\/azu-uffenheim.de\/#\/schema\/logo\/image\/","url":"https:\/\/azu-uffenheim.de\/wp-content\/uploads\/2024\/12\/AZU_Logo_Farbig.png","contentUrl":"https:\/\/azu-uffenheim.de\/wp-content\/uploads\/2024\/12\/AZU_Logo_Farbig.png","width":3143,"height":532,"caption":"ZU \u00c4RZTEZENTRUM UFFENHEIM"},"image":{"@id":"https:\/\/azu-uffenheim.de\/#\/schema\/logo\/image\/"}},{"@type":"Person","@id":"https:\/\/azu-uffenheim.de\/#\/schema\/person\/2c283feea9908ff438388908bf3b3000","name":"admin","sameAs":["https:\/\/9000web.com\/azu"],"url":"https:\/\/azu-uffenheim.de\/fr\/author\/admin\/"}]}},"_links":{"self":[{"href":"https:\/\/azu-uffenheim.de\/fr\/wp-json\/wp\/v2\/posts\/1064","targetHints":{"allow":["GET"]}}],"collection":[{"href":"https:\/\/azu-uffenheim.de\/fr\/wp-json\/wp\/v2\/posts"}],"about":[{"href":"https:\/\/azu-uffenheim.de\/fr\/wp-json\/wp\/v2\/types\/post"}],"author":[{"embeddable":true,"href":"https:\/\/azu-uffenheim.de\/fr\/wp-json\/wp\/v2\/users\/1"}],"replies":[{"embeddable":true,"href":"https:\/\/azu-uffenheim.de\/fr\/wp-json\/wp\/v2\/comments?post=1064"}],"version-history":[{"count":0,"href":"https:\/\/azu-uffenheim.de\/fr\/wp-json\/wp\/v2\/posts\/1064\/revisions"}],"wp:featuredmedia":[{"embeddable":true,"href":"https:\/\/azu-uffenheim.de\/fr\/wp-json\/wp\/v2\/media\/938"}],"wp:attachment":[{"href":"https:\/\/azu-uffenheim.de\/fr\/wp-json\/wp\/v2\/media?parent=1064"}],"wp:term":[{"taxonomy":"category","embeddable":true,"href":"https:\/\/azu-uffenheim.de\/fr\/wp-json\/wp\/v2\/categories?post=1064"},{"taxonomy":"post_tag","embeddable":true,"href":"https:\/\/azu-uffenheim.de\/fr\/wp-json\/wp\/v2\/tags?post=1064"}],"curies":[{"name":"wp","href":"https:\/\/api.w.org\/{rel}","templated":true}]}}