{"id":1061,"date":"2025-01-24T13:19:35","date_gmt":"2025-01-24T10:19:35","guid":{"rendered":"https:\/\/azu-uffenheim.de\/diagnostic-et-therapie-des-nodules-thyroidiens-en-medecine-generale\/"},"modified":"2025-01-24T13:19:35","modified_gmt":"2025-01-24T10:19:35","slug":"diagnostic-et-therapie-des-nodules-thyroidiens-en-medecine-generale","status":"publish","type":"post","link":"https:\/\/azu-uffenheim.de\/fr\/diagnostic-et-therapie-des-nodules-thyroidiens-en-medecine-generale\/","title":{"rendered":"Diagnostic et th\u00e9rapie des nodules thyro\u00efdiens en m\u00e9decine g\u00e9n\u00e9rale"},"content":{"rendered":"\n\n\n<p>Les nodules thyro\u00efdiens sont une d\u00e9couverte fr\u00e9quente et sont d\u00e9sormais d\u00e9tectables chez pr\u00e8s d\u2019un adulte sur deux \u00e0 un \u00e2ge avanc\u00e9, en particulier chez les femmes. Heureusement, selon les r\u00e9sultats des \u00e9tudes les plus r\u00e9centes, seuls 1,1 % de ces nodules sont malins. Les raisons de cette pr\u00e9valence croissante incluent une carence persistante en iode et des techniques de <strong>diagnostic<\/strong> am\u00e9lior\u00e9es. Les nodules sont souvent d\u00e9couverts par hasard lors d\u2019\u00e9chographies des art\u00e8res carotides ou de tomodensitogrammes\/IRM de la r\u00e9gion cervicale. La probabilit\u00e9 de carcinome augmente avec la taille des nodules, atteignant environ 5 \u00e0 15 % pour les nodules de plus de 1 cm.    <\/p>\n\n\n\n<p>La strat\u00e9gie de traitement m\u00e9dical d\u00e9pend de la taille et des caract\u00e9ristiques d\u2019un nodule nouvellement d\u00e9couvert. Les carcinomes se pr\u00e9sentent souvent, en plus de leur augmentation de taille, comme irr\u00e9guliers et\/ou calcifi\u00e9s \u00e0 l\u2019\u00e9chographie. Des analyses de laboratoire, des marqueurs radioactifs (par exemple, scintigraphie) et la ponction \u00e0 l\u2019aiguille fine sont \u00e9galement disponibles. Outre l\u2019\u00e9valuation de l\u2019activit\u00e9 thyro\u00efdienne (TSH), des marqueurs tumoraux peuvent \u00eatre mesur\u00e9s. Il s\u2019agit de prot\u00e9ines pr\u00e9sentes chez les individus sains, mais produites en exc\u00e8s par certaines tumeurs.    <\/p>\n\n\n\n<p>Les nodules de moins de 1 cm pr\u00e9sentant un aspect non suspect doivent \u00eatre surveill\u00e9s par le m\u00e9decin de famille tous les 12 mois, tandis que les r\u00e9sultats suspects doivent \u00eatre contr\u00f4l\u00e9s tous les 3 \u00e0 6 mois. Les nodules de plus de 1 cm, ceux pr\u00e9sentant une tendance \u00e0 la croissance ou des signes d\u2019hyperthyro\u00efdie doivent \u00eatre principalement \u00e9valu\u00e9s par un sp\u00e9cialiste, une orientation vers un m\u00e9decin nucl\u00e9aire \u00e9tant appropri\u00e9e. S\u2019il persiste un soup\u00e7on de carcinome, une biopsie \u00e0 l\u2019aiguille fine peut fournir des informations sur les cellules malignes. Si le soup\u00e7on de carcinome est confirm\u00e9 ou si un nodule \u00ab chaud \u00bb hyperactif est pr\u00e9sent, une intervention chirurgicale devient in\u00e9vitable.    <\/p>\n","protected":false},"excerpt":{"rendered":"<p>Les nodules thyro\u00efdiens sont une d\u00e9couverte fr\u00e9quente et sont d\u00e9sormais d\u00e9tectables chez pr\u00e8s d\u2019un adulte sur deux \u00e0 un \u00e2ge avanc\u00e9, en particulier chez les femmes. Heureusement, selon les r\u00e9sultats des \u00e9tudes les plus r\u00e9centes, seuls 1,1 % de ces nodules sont malins. Les raisons de cette pr\u00e9valence croissante incluent une carence persistante en iode<\/p>\n","protected":false},"author":1,"featured_media":950,"comment_status":"closed","ping_status":"closed","sticky":false,"template":"","format":"standard","meta":{"footnotes":""},"categories":[58],"tags":[],"class_list":["post-1061","post","type-post","status-publish","format-standard","has-post-thumbnail","hentry","category-conseils-de-sante-fr"],"yoast_head":"<!-- This site is optimized with the Yoast SEO plugin v27.4 - https:\/\/yoast.com\/product\/yoast-seo-wordpress\/ -->\n<title>Diagnostic et th\u00e9rapie des nodules thyro\u00efdiens en m\u00e9decine g\u00e9n\u00e9rale - azu-uffenheim.de<\/title>\n<meta name=\"robots\" content=\"index, follow, max-snippet:-1, max-image-preview:large, max-video-preview:-1\" \/>\n<link rel=\"canonical\" href=\"https:\/\/azu-uffenheim.de\/fr\/diagnostic-et-therapie-des-nodules-thyroidiens-en-medecine-generale\/\" \/>\n<meta property=\"og:locale\" content=\"fr_FR\" \/>\n<meta property=\"og:type\" content=\"article\" \/>\n<meta property=\"og:title\" content=\"Diagnostic et th\u00e9rapie des nodules thyro\u00efdiens en m\u00e9decine g\u00e9n\u00e9rale - azu-uffenheim.de\" \/>\n<meta property=\"og:description\" content=\"Les nodules thyro\u00efdiens sont une d\u00e9couverte fr\u00e9quente et sont d\u00e9sormais d\u00e9tectables chez pr\u00e8s d\u2019un adulte sur deux \u00e0 un \u00e2ge avanc\u00e9, en particulier chez les femmes. Heureusement, selon les r\u00e9sultats des \u00e9tudes les plus r\u00e9centes, seuls 1,1 % de ces nodules sont malins. Les raisons de cette pr\u00e9valence croissante incluent une carence persistante en iode\" \/>\n<meta property=\"og:url\" content=\"https:\/\/azu-uffenheim.de\/fr\/diagnostic-et-therapie-des-nodules-thyroidiens-en-medecine-generale\/\" \/>\n<meta property=\"og:site_name\" content=\"azu-uffenheim.de\" \/>\n<meta property=\"article:published_time\" content=\"2025-01-24T10:19:35+00:00\" \/>\n<meta property=\"og:image\" content=\"https:\/\/azu-uffenheim.de\/wp-content\/uploads\/2025\/01\/AZUUffenheim011.jpg\" \/>\n\t<meta property=\"og:image:width\" content=\"1536\" \/>\n\t<meta property=\"og:image:height\" content=\"864\" \/>\n\t<meta property=\"og:image:type\" content=\"image\/jpeg\" \/>\n<meta name=\"author\" content=\"admin\" \/>\n<meta name=\"twitter:card\" content=\"summary_large_image\" \/>\n<meta name=\"twitter:label1\" content=\"\u00c9crit par\" \/>\n\t<meta name=\"twitter:data1\" content=\"admin\" \/>\n\t<meta name=\"twitter:label2\" content=\"Dur\u00e9e de lecture estim\u00e9e\" \/>\n\t<meta name=\"twitter:data2\" content=\"2 minutes\" \/>\n<script type=\"application\/ld+json\" class=\"yoast-schema-graph\">{\"@context\":\"https:\\\/\\\/schema.org\",\"@graph\":[{\"@type\":\"Article\",\"@id\":\"https:\\\/\\\/azu-uffenheim.de\\\/fr\\\/diagnostic-et-therapie-des-nodules-thyroidiens-en-medecine-generale\\\/#article\",\"isPartOf\":{\"@id\":\"https:\\\/\\\/azu-uffenheim.de\\\/fr\\\/diagnostic-et-therapie-des-nodules-thyroidiens-en-medecine-generale\\\/\"},\"author\":{\"name\":\"admin\",\"@id\":\"https:\\\/\\\/azu-uffenheim.de\\\/#\\\/schema\\\/person\\\/2c283feea9908ff438388908bf3b3000\"},\"headline\":\"Diagnostic et th\u00e9rapie des nodules thyro\u00efdiens en m\u00e9decine g\u00e9n\u00e9rale\",\"datePublished\":\"2025-01-24T10:19:35+00:00\",\"mainEntityOfPage\":{\"@id\":\"https:\\\/\\\/azu-uffenheim.de\\\/fr\\\/diagnostic-et-therapie-des-nodules-thyroidiens-en-medecine-generale\\\/\"},\"wordCount\":348,\"publisher\":{\"@id\":\"https:\\\/\\\/azu-uffenheim.de\\\/#organization\"},\"image\":{\"@id\":\"https:\\\/\\\/azu-uffenheim.de\\\/fr\\\/diagnostic-et-therapie-des-nodules-thyroidiens-en-medecine-generale\\\/#primaryimage\"},\"thumbnailUrl\":\"https:\\\/\\\/azu-uffenheim.de\\\/wp-content\\\/uploads\\\/2025\\\/01\\\/AZUUffenheim011.jpg\",\"articleSection\":[\"Conseils de sant\u00e9\"],\"inLanguage\":\"fr-FR\"},{\"@type\":\"WebPage\",\"@id\":\"https:\\\/\\\/azu-uffenheim.de\\\/fr\\\/diagnostic-et-therapie-des-nodules-thyroidiens-en-medecine-generale\\\/\",\"url\":\"https:\\\/\\\/azu-uffenheim.de\\\/fr\\\/diagnostic-et-therapie-des-nodules-thyroidiens-en-medecine-generale\\\/\",\"name\":\"Diagnostic et th\u00e9rapie des nodules thyro\u00efdiens en m\u00e9decine g\u00e9n\u00e9rale - azu-uffenheim.de\",\"isPartOf\":{\"@id\":\"https:\\\/\\\/azu-uffenheim.de\\\/#website\"},\"primaryImageOfPage\":{\"@id\":\"https:\\\/\\\/azu-uffenheim.de\\\/fr\\\/diagnostic-et-therapie-des-nodules-thyroidiens-en-medecine-generale\\\/#primaryimage\"},\"image\":{\"@id\":\"https:\\\/\\\/azu-uffenheim.de\\\/fr\\\/diagnostic-et-therapie-des-nodules-thyroidiens-en-medecine-generale\\\/#primaryimage\"},\"thumbnailUrl\":\"https:\\\/\\\/azu-uffenheim.de\\\/wp-content\\\/uploads\\\/2025\\\/01\\\/AZUUffenheim011.jpg\",\"datePublished\":\"2025-01-24T10:19:35+00:00\",\"breadcrumb\":{\"@id\":\"https:\\\/\\\/azu-uffenheim.de\\\/fr\\\/diagnostic-et-therapie-des-nodules-thyroidiens-en-medecine-generale\\\/#breadcrumb\"},\"inLanguage\":\"fr-FR\",\"potentialAction\":[{\"@type\":\"ReadAction\",\"target\":[\"https:\\\/\\\/azu-uffenheim.de\\\/fr\\\/diagnostic-et-therapie-des-nodules-thyroidiens-en-medecine-generale\\\/\"]}]},{\"@type\":\"ImageObject\",\"inLanguage\":\"fr-FR\",\"@id\":\"https:\\\/\\\/azu-uffenheim.de\\\/fr\\\/diagnostic-et-therapie-des-nodules-thyroidiens-en-medecine-generale\\\/#primaryimage\",\"url\":\"https:\\\/\\\/azu-uffenheim.de\\\/wp-content\\\/uploads\\\/2025\\\/01\\\/AZUUffenheim011.jpg\",\"contentUrl\":\"https:\\\/\\\/azu-uffenheim.de\\\/wp-content\\\/uploads\\\/2025\\\/01\\\/AZUUffenheim011.jpg\",\"width\":1536,\"height\":864,\"caption\":\"Illustratives Foto zur medizinischen Thematik\"},{\"@type\":\"BreadcrumbList\",\"@id\":\"https:\\\/\\\/azu-uffenheim.de\\\/fr\\\/diagnostic-et-therapie-des-nodules-thyroidiens-en-medecine-generale\\\/#breadcrumb\",\"itemListElement\":[{\"@type\":\"ListItem\",\"position\":1,\"name\":\"\u0413\u043b\u0430\u0432\u043d\u0430\u044f \u0441\u0442\u0440\u0430\u043d\u0438\u0446\u0430\",\"item\":\"https:\\\/\\\/azu-uffenheim.de\\\/fr\\\/\"},{\"@type\":\"ListItem\",\"position\":2,\"name\":\"Diagnostic et th\u00e9rapie des nodules thyro\u00efdiens en m\u00e9decine g\u00e9n\u00e9rale\"}]},{\"@type\":\"WebSite\",\"@id\":\"https:\\\/\\\/azu-uffenheim.de\\\/#website\",\"url\":\"https:\\\/\\\/azu-uffenheim.de\\\/\",\"name\":\"azu-uffenheim.de\",\"description\":\"IHR MEDIZINISCHES  VERSORGUNGSZENTRUM IN UFFENHEIM\",\"publisher\":{\"@id\":\"https:\\\/\\\/azu-uffenheim.de\\\/#organization\"},\"potentialAction\":[{\"@type\":\"SearchAction\",\"target\":{\"@type\":\"EntryPoint\",\"urlTemplate\":\"https:\\\/\\\/azu-uffenheim.de\\\/?s={search_term_string}\"},\"query-input\":{\"@type\":\"PropertyValueSpecification\",\"valueRequired\":true,\"valueName\":\"search_term_string\"}}],\"inLanguage\":\"fr-FR\"},{\"@type\":\"Organization\",\"@id\":\"https:\\\/\\\/azu-uffenheim.de\\\/#organization\",\"name\":\"ZU \u00c4RZTEZENTRUM UFFENHEIM\",\"url\":\"https:\\\/\\\/azu-uffenheim.de\\\/\",\"logo\":{\"@type\":\"ImageObject\",\"inLanguage\":\"fr-FR\",\"@id\":\"https:\\\/\\\/azu-uffenheim.de\\\/#\\\/schema\\\/logo\\\/image\\\/\",\"url\":\"https:\\\/\\\/azu-uffenheim.de\\\/wp-content\\\/uploads\\\/2024\\\/12\\\/AZU_Logo_Farbig.png\",\"contentUrl\":\"https:\\\/\\\/azu-uffenheim.de\\\/wp-content\\\/uploads\\\/2024\\\/12\\\/AZU_Logo_Farbig.png\",\"width\":3143,\"height\":532,\"caption\":\"ZU \u00c4RZTEZENTRUM UFFENHEIM\"},\"image\":{\"@id\":\"https:\\\/\\\/azu-uffenheim.de\\\/#\\\/schema\\\/logo\\\/image\\\/\"}},{\"@type\":\"Person\",\"@id\":\"https:\\\/\\\/azu-uffenheim.de\\\/#\\\/schema\\\/person\\\/2c283feea9908ff438388908bf3b3000\",\"name\":\"admin\",\"sameAs\":[\"https:\\\/\\\/9000web.com\\\/azu\"],\"url\":\"https:\\\/\\\/azu-uffenheim.de\\\/fr\\\/author\\\/admin\\\/\"}]}<\/script>\n<!-- \/ Yoast SEO plugin. -->","yoast_head_json":{"title":"Diagnostic et th\u00e9rapie des nodules thyro\u00efdiens en m\u00e9decine g\u00e9n\u00e9rale - azu-uffenheim.de","robots":{"index":"index","follow":"follow","max-snippet":"max-snippet:-1","max-image-preview":"max-image-preview:large","max-video-preview":"max-video-preview:-1"},"canonical":"https:\/\/azu-uffenheim.de\/fr\/diagnostic-et-therapie-des-nodules-thyroidiens-en-medecine-generale\/","og_locale":"fr_FR","og_type":"article","og_title":"Diagnostic et th\u00e9rapie des nodules thyro\u00efdiens en m\u00e9decine g\u00e9n\u00e9rale - azu-uffenheim.de","og_description":"Les nodules thyro\u00efdiens sont une d\u00e9couverte fr\u00e9quente et sont d\u00e9sormais d\u00e9tectables chez pr\u00e8s d\u2019un adulte sur deux \u00e0 un \u00e2ge avanc\u00e9, en particulier chez les femmes. Heureusement, selon les r\u00e9sultats des \u00e9tudes les plus r\u00e9centes, seuls 1,1 % de ces nodules sont malins. Les raisons de cette pr\u00e9valence croissante incluent une carence persistante en iode","og_url":"https:\/\/azu-uffenheim.de\/fr\/diagnostic-et-therapie-des-nodules-thyroidiens-en-medecine-generale\/","og_site_name":"azu-uffenheim.de","article_published_time":"2025-01-24T10:19:35+00:00","og_image":[{"width":1536,"height":864,"url":"https:\/\/azu-uffenheim.de\/wp-content\/uploads\/2025\/01\/AZUUffenheim011.jpg","type":"image\/jpeg"}],"author":"admin","twitter_card":"summary_large_image","twitter_misc":{"\u00c9crit par":"admin","Dur\u00e9e de lecture estim\u00e9e":"2 minutes"},"schema":{"@context":"https:\/\/schema.org","@graph":[{"@type":"Article","@id":"https:\/\/azu-uffenheim.de\/fr\/diagnostic-et-therapie-des-nodules-thyroidiens-en-medecine-generale\/#article","isPartOf":{"@id":"https:\/\/azu-uffenheim.de\/fr\/diagnostic-et-therapie-des-nodules-thyroidiens-en-medecine-generale\/"},"author":{"name":"admin","@id":"https:\/\/azu-uffenheim.de\/#\/schema\/person\/2c283feea9908ff438388908bf3b3000"},"headline":"Diagnostic et th\u00e9rapie des nodules thyro\u00efdiens en m\u00e9decine g\u00e9n\u00e9rale","datePublished":"2025-01-24T10:19:35+00:00","mainEntityOfPage":{"@id":"https:\/\/azu-uffenheim.de\/fr\/diagnostic-et-therapie-des-nodules-thyroidiens-en-medecine-generale\/"},"wordCount":348,"publisher":{"@id":"https:\/\/azu-uffenheim.de\/#organization"},"image":{"@id":"https:\/\/azu-uffenheim.de\/fr\/diagnostic-et-therapie-des-nodules-thyroidiens-en-medecine-generale\/#primaryimage"},"thumbnailUrl":"https:\/\/azu-uffenheim.de\/wp-content\/uploads\/2025\/01\/AZUUffenheim011.jpg","articleSection":["Conseils de sant\u00e9"],"inLanguage":"fr-FR"},{"@type":"WebPage","@id":"https:\/\/azu-uffenheim.de\/fr\/diagnostic-et-therapie-des-nodules-thyroidiens-en-medecine-generale\/","url":"https:\/\/azu-uffenheim.de\/fr\/diagnostic-et-therapie-des-nodules-thyroidiens-en-medecine-generale\/","name":"Diagnostic et th\u00e9rapie des nodules thyro\u00efdiens en m\u00e9decine g\u00e9n\u00e9rale - azu-uffenheim.de","isPartOf":{"@id":"https:\/\/azu-uffenheim.de\/#website"},"primaryImageOfPage":{"@id":"https:\/\/azu-uffenheim.de\/fr\/diagnostic-et-therapie-des-nodules-thyroidiens-en-medecine-generale\/#primaryimage"},"image":{"@id":"https:\/\/azu-uffenheim.de\/fr\/diagnostic-et-therapie-des-nodules-thyroidiens-en-medecine-generale\/#primaryimage"},"thumbnailUrl":"https:\/\/azu-uffenheim.de\/wp-content\/uploads\/2025\/01\/AZUUffenheim011.jpg","datePublished":"2025-01-24T10:19:35+00:00","breadcrumb":{"@id":"https:\/\/azu-uffenheim.de\/fr\/diagnostic-et-therapie-des-nodules-thyroidiens-en-medecine-generale\/#breadcrumb"},"inLanguage":"fr-FR","potentialAction":[{"@type":"ReadAction","target":["https:\/\/azu-uffenheim.de\/fr\/diagnostic-et-therapie-des-nodules-thyroidiens-en-medecine-generale\/"]}]},{"@type":"ImageObject","inLanguage":"fr-FR","@id":"https:\/\/azu-uffenheim.de\/fr\/diagnostic-et-therapie-des-nodules-thyroidiens-en-medecine-generale\/#primaryimage","url":"https:\/\/azu-uffenheim.de\/wp-content\/uploads\/2025\/01\/AZUUffenheim011.jpg","contentUrl":"https:\/\/azu-uffenheim.de\/wp-content\/uploads\/2025\/01\/AZUUffenheim011.jpg","width":1536,"height":864,"caption":"Illustratives Foto zur medizinischen Thematik"},{"@type":"BreadcrumbList","@id":"https:\/\/azu-uffenheim.de\/fr\/diagnostic-et-therapie-des-nodules-thyroidiens-en-medecine-generale\/#breadcrumb","itemListElement":[{"@type":"ListItem","position":1,"name":"\u0413\u043b\u0430\u0432\u043d\u0430\u044f \u0441\u0442\u0440\u0430\u043d\u0438\u0446\u0430","item":"https:\/\/azu-uffenheim.de\/fr\/"},{"@type":"ListItem","position":2,"name":"Diagnostic et th\u00e9rapie des nodules thyro\u00efdiens en m\u00e9decine g\u00e9n\u00e9rale"}]},{"@type":"WebSite","@id":"https:\/\/azu-uffenheim.de\/#website","url":"https:\/\/azu-uffenheim.de\/","name":"azu-uffenheim.de","description":"IHR MEDIZINISCHES  VERSORGUNGSZENTRUM IN UFFENHEIM","publisher":{"@id":"https:\/\/azu-uffenheim.de\/#organization"},"potentialAction":[{"@type":"SearchAction","target":{"@type":"EntryPoint","urlTemplate":"https:\/\/azu-uffenheim.de\/?s={search_term_string}"},"query-input":{"@type":"PropertyValueSpecification","valueRequired":true,"valueName":"search_term_string"}}],"inLanguage":"fr-FR"},{"@type":"Organization","@id":"https:\/\/azu-uffenheim.de\/#organization","name":"ZU \u00c4RZTEZENTRUM UFFENHEIM","url":"https:\/\/azu-uffenheim.de\/","logo":{"@type":"ImageObject","inLanguage":"fr-FR","@id":"https:\/\/azu-uffenheim.de\/#\/schema\/logo\/image\/","url":"https:\/\/azu-uffenheim.de\/wp-content\/uploads\/2024\/12\/AZU_Logo_Farbig.png","contentUrl":"https:\/\/azu-uffenheim.de\/wp-content\/uploads\/2024\/12\/AZU_Logo_Farbig.png","width":3143,"height":532,"caption":"ZU \u00c4RZTEZENTRUM UFFENHEIM"},"image":{"@id":"https:\/\/azu-uffenheim.de\/#\/schema\/logo\/image\/"}},{"@type":"Person","@id":"https:\/\/azu-uffenheim.de\/#\/schema\/person\/2c283feea9908ff438388908bf3b3000","name":"admin","sameAs":["https:\/\/9000web.com\/azu"],"url":"https:\/\/azu-uffenheim.de\/fr\/author\/admin\/"}]}},"_links":{"self":[{"href":"https:\/\/azu-uffenheim.de\/fr\/wp-json\/wp\/v2\/posts\/1061","targetHints":{"allow":["GET"]}}],"collection":[{"href":"https:\/\/azu-uffenheim.de\/fr\/wp-json\/wp\/v2\/posts"}],"about":[{"href":"https:\/\/azu-uffenheim.de\/fr\/wp-json\/wp\/v2\/types\/post"}],"author":[{"embeddable":true,"href":"https:\/\/azu-uffenheim.de\/fr\/wp-json\/wp\/v2\/users\/1"}],"replies":[{"embeddable":true,"href":"https:\/\/azu-uffenheim.de\/fr\/wp-json\/wp\/v2\/comments?post=1061"}],"version-history":[{"count":0,"href":"https:\/\/azu-uffenheim.de\/fr\/wp-json\/wp\/v2\/posts\/1061\/revisions"}],"wp:featuredmedia":[{"embeddable":true,"href":"https:\/\/azu-uffenheim.de\/fr\/wp-json\/wp\/v2\/media\/950"}],"wp:attachment":[{"href":"https:\/\/azu-uffenheim.de\/fr\/wp-json\/wp\/v2\/media?parent=1061"}],"wp:term":[{"taxonomy":"category","embeddable":true,"href":"https:\/\/azu-uffenheim.de\/fr\/wp-json\/wp\/v2\/categories?post=1061"},{"taxonomy":"post_tag","embeddable":true,"href":"https:\/\/azu-uffenheim.de\/fr\/wp-json\/wp\/v2\/tags?post=1061"}],"curies":[{"name":"wp","href":"https:\/\/api.w.org\/{rel}","templated":true}]}}