{"id":1043,"date":"2025-03-19T15:41:55","date_gmt":"2025-03-19T12:41:55","guid":{"rendered":"https:\/\/azu-uffenheim.de\/vaccinations-contre-la-meningo-encephalite-a-tiques-tbe-et-la-maladie-de-lyme\/"},"modified":"2025-03-19T15:41:55","modified_gmt":"2025-03-19T12:41:55","slug":"vaccinations-contre-la-meningo-encephalite-a-tiques-tbe-et-la-maladie-de-lyme","status":"publish","type":"post","link":"https:\/\/azu-uffenheim.de\/fr\/vaccinations-contre-la-meningo-encephalite-a-tiques-tbe-et-la-maladie-de-lyme\/","title":{"rendered":"Vaccinations contre la m\u00e9ningo-enc\u00e9phalite \u00e0 tiques (TBE) et la maladie de Lyme"},"content":{"rendered":"\n\n\n<p>Avec la hausse des temp\u00e9ratures au printemps, l\u2019activit\u00e9 des tiques augmente consid\u00e9rablement. En raison d\u2019un nombre r\u00e9duit de jours de gel, les tiques manifestent d\u00e9sormais une activit\u00e9 accrue en hiver. Cela entra\u00eene un risque presque constant tout au long de l\u2019ann\u00e9e de transmission de la m\u00e9ningo-enc\u00e9phalite \u00e0 tiques (TBE), de la maladie de Lyme et d\u2019autres agents pathog\u00e8nes. Fait int\u00e9ressant, les cas de TBE sont presque toujours associ\u00e9s \u00e0 de grands cours d\u2019eau, un ph\u00e9nom\u00e8ne qui reste inexpliqu\u00e9 \u00e0 ce jour.    <br><\/p>\n\n\n\n<p>Notre district est depuis longtemps l\u2019une des zones \u00e0 haut risque pour la TBE en Bavi\u00e8re. Chaque ann\u00e9e, entre 240 et 260 nouveaux cas sont signal\u00e9s en Bavi\u00e8re. Le chiffre r\u00e9el est probablement beaucoup plus \u00e9lev\u00e9, car 70 \u00e0 95 % des infections sont soit asymptomatiques, soit n\u2019\u00e9voluent pas vers le deuxi\u00e8me stade de la maladie, qui implique une m\u00e9ningite.  <br><\/p>\n\n\n\n<p>Malheureusement, contrairement \u00e0 la maladie de Lyme d\u2019origine bact\u00e9rienne, aucun traitement sp\u00e9cifique n\u2019est actuellement disponible pour la TBE, qui est d\u2019origine virale.<\/p>\n\n\n\n<p><br>Les tiques portent le virus de la TBE dans leur salive, ce qui signifie que la transmission ne peut \u00eatre \u00e9vit\u00e9e que si la tique est retir\u00e9e avant de s\u2019\u00eatre fix\u00e9e. Cela rend la vaccination protectrice particuli\u00e8rement importante pour les personnes expos\u00e9es. Les taux de vaccination sont les plus \u00e9lev\u00e9s chez les enfants et les adolescents en Bavi\u00e8re, mais le taux global de vaccination n\u2019est que d\u2019environ 22 %.   <\/p>\n\n\n\n<p>Le nombre de cas d\u00e9clar\u00e9s de maladie de Lyme est nettement plus \u00e9lev\u00e9 que celui de la TBE, avec 3 000 \u00e0 4 000 cas par an en Bavi\u00e8re ces derni\u00e8res ann\u00e9es. Les Borrelia, bact\u00e9ries en forme de spirale et m\u00e9taboliquement lentes responsables de la maladie de Lyme, r\u00e9sident dans l\u2019intestin de la tique. La transmission n\u2019est possible que si la tique a suffisamment de temps pour se nourrir, g\u00e9n\u00e9ralement plusieurs heures.    <\/p>\n\n\n\n<p><br>Au cours des derni\u00e8res d\u00e9cennies, des tentatives r\u00e9p\u00e9t\u00e9es ont \u00e9t\u00e9 faites pour d\u00e9velopper des vaccins fiables contre la maladie de Lyme. Actuellement, la soci\u00e9t\u00e9 Valneva, en collaboration avec Pfizer, d\u00e9veloppe un vaccin con\u00e7u pour prot\u00e9ger contre les six variantes europ\u00e9ennes de la maladie de Lyme. Selon un communiqu\u00e9 de presse des entreprises dat\u00e9 de d\u00e9cembre 2024, le lancement sur le march\u00e9 europ\u00e9en est pr\u00e9vu pour 2026.  <\/p>\n\n\n\n<p><br>Le vaccin cible des prot\u00e9ines \u00e0 la surface des Borrelia. La r\u00e9ponse immunitaire qui en r\u00e9sulte peut neutraliser et \u00e9liminer les Borrelia dans le sang. Chez les personnes vaccin\u00e9es, la transmission de la tique \u00e0 l\u2019humain est \u00e9galement emp\u00each\u00e9e par des anticorps dans le sang qui d\u00e9truisent les Borrelia pr\u00e9sentes dans l\u2019intestin de la tique. Cependant, des \u00e9tudes indiquent que les Borrelia dans les articulations ne sont que partiellement combattues par le vaccin. Par cons\u00e9quent, le vaccin prot\u00e8ge principalement contre les nouvelles infections, tandis que les antibiotiques sont plus adapt\u00e9s pour traiter les cas existants de maladie de Lyme. (Source : RKI)     <\/p>\n","protected":false},"excerpt":{"rendered":"<p>Avec la hausse des temp\u00e9ratures au printemps, l\u2019activit\u00e9 des tiques augmente consid\u00e9rablement. En raison d\u2019un nombre r\u00e9duit de jours de gel, les tiques manifestent d\u00e9sormais une activit\u00e9 accrue en hiver. Cela entra\u00eene un risque presque constant tout au long de l\u2019ann\u00e9e de transmission de la m\u00e9ningo-enc\u00e9phalite \u00e0 tiques (TBE), de la maladie de Lyme et<\/p>\n","protected":false},"author":1,"featured_media":965,"comment_status":"closed","ping_status":"closed","sticky":false,"template":"","format":"standard","meta":{"footnotes":""},"categories":[58],"tags":[],"class_list":["post-1043","post","type-post","status-publish","format-standard","has-post-thumbnail","hentry","category-conseils-de-sante-fr"],"yoast_head":"<!-- This site is optimized with the Yoast SEO plugin v27.4 - https:\/\/yoast.com\/product\/yoast-seo-wordpress\/ -->\n<title>Vaccinations contre la m\u00e9ningo-enc\u00e9phalite \u00e0 tiques (TBE) et la maladie de Lyme - azu-uffenheim.de<\/title>\n<meta name=\"robots\" content=\"index, follow, max-snippet:-1, max-image-preview:large, max-video-preview:-1\" \/>\n<link rel=\"canonical\" href=\"https:\/\/azu-uffenheim.de\/fr\/vaccinations-contre-la-meningo-encephalite-a-tiques-tbe-et-la-maladie-de-lyme\/\" \/>\n<meta property=\"og:locale\" content=\"fr_FR\" \/>\n<meta property=\"og:type\" content=\"article\" \/>\n<meta property=\"og:title\" content=\"Vaccinations contre la m\u00e9ningo-enc\u00e9phalite \u00e0 tiques (TBE) et la maladie de Lyme - azu-uffenheim.de\" \/>\n<meta property=\"og:description\" content=\"Avec la hausse des temp\u00e9ratures au printemps, l\u2019activit\u00e9 des tiques augmente consid\u00e9rablement. En raison d\u2019un nombre r\u00e9duit de jours de gel, les tiques manifestent d\u00e9sormais une activit\u00e9 accrue en hiver. Cela entra\u00eene un risque presque constant tout au long de l\u2019ann\u00e9e de transmission de la m\u00e9ningo-enc\u00e9phalite \u00e0 tiques (TBE), de la maladie de Lyme et\" \/>\n<meta property=\"og:url\" content=\"https:\/\/azu-uffenheim.de\/fr\/vaccinations-contre-la-meningo-encephalite-a-tiques-tbe-et-la-maladie-de-lyme\/\" \/>\n<meta property=\"og:site_name\" content=\"azu-uffenheim.de\" \/>\n<meta property=\"article:published_time\" content=\"2025-03-19T12:41:55+00:00\" \/>\n<meta property=\"og:image\" content=\"https:\/\/azu-uffenheim.de\/wp-content\/uploads\/2025\/03\/AzuUffenheimBild00099-1024x576-1.jpg\" \/>\n\t<meta property=\"og:image:width\" content=\"1024\" \/>\n\t<meta property=\"og:image:height\" content=\"576\" \/>\n\t<meta property=\"og:image:type\" content=\"image\/jpeg\" \/>\n<meta name=\"author\" content=\"admin\" \/>\n<meta name=\"twitter:card\" content=\"summary_large_image\" \/>\n<meta name=\"twitter:label1\" content=\"\u00c9crit par\" \/>\n\t<meta name=\"twitter:data1\" content=\"admin\" \/>\n\t<meta name=\"twitter:label2\" content=\"Dur\u00e9e de lecture estim\u00e9e\" \/>\n\t<meta name=\"twitter:data2\" content=\"3 minutes\" \/>\n<script type=\"application\/ld+json\" class=\"yoast-schema-graph\">{\"@context\":\"https:\\\/\\\/schema.org\",\"@graph\":[{\"@type\":\"Article\",\"@id\":\"https:\\\/\\\/azu-uffenheim.de\\\/fr\\\/vaccinations-contre-la-meningo-encephalite-a-tiques-tbe-et-la-maladie-de-lyme\\\/#article\",\"isPartOf\":{\"@id\":\"https:\\\/\\\/azu-uffenheim.de\\\/fr\\\/vaccinations-contre-la-meningo-encephalite-a-tiques-tbe-et-la-maladie-de-lyme\\\/\"},\"author\":{\"name\":\"admin\",\"@id\":\"https:\\\/\\\/azu-uffenheim.de\\\/#\\\/schema\\\/person\\\/2c283feea9908ff438388908bf3b3000\"},\"headline\":\"Vaccinations contre la m\u00e9ningo-enc\u00e9phalite \u00e0 tiques (TBE) et la maladie de Lyme\",\"datePublished\":\"2025-03-19T12:41:55+00:00\",\"mainEntityOfPage\":{\"@id\":\"https:\\\/\\\/azu-uffenheim.de\\\/fr\\\/vaccinations-contre-la-meningo-encephalite-a-tiques-tbe-et-la-maladie-de-lyme\\\/\"},\"wordCount\":543,\"publisher\":{\"@id\":\"https:\\\/\\\/azu-uffenheim.de\\\/#organization\"},\"image\":{\"@id\":\"https:\\\/\\\/azu-uffenheim.de\\\/fr\\\/vaccinations-contre-la-meningo-encephalite-a-tiques-tbe-et-la-maladie-de-lyme\\\/#primaryimage\"},\"thumbnailUrl\":\"https:\\\/\\\/azu-uffenheim.de\\\/wp-content\\\/uploads\\\/2025\\\/03\\\/AzuUffenheimBild00099-1024x576-1.jpg\",\"articleSection\":[\"Conseils de sant\u00e9\"],\"inLanguage\":\"fr-FR\"},{\"@type\":\"WebPage\",\"@id\":\"https:\\\/\\\/azu-uffenheim.de\\\/fr\\\/vaccinations-contre-la-meningo-encephalite-a-tiques-tbe-et-la-maladie-de-lyme\\\/\",\"url\":\"https:\\\/\\\/azu-uffenheim.de\\\/fr\\\/vaccinations-contre-la-meningo-encephalite-a-tiques-tbe-et-la-maladie-de-lyme\\\/\",\"name\":\"Vaccinations contre la m\u00e9ningo-enc\u00e9phalite \u00e0 tiques (TBE) et la maladie de Lyme - azu-uffenheim.de\",\"isPartOf\":{\"@id\":\"https:\\\/\\\/azu-uffenheim.de\\\/#website\"},\"primaryImageOfPage\":{\"@id\":\"https:\\\/\\\/azu-uffenheim.de\\\/fr\\\/vaccinations-contre-la-meningo-encephalite-a-tiques-tbe-et-la-maladie-de-lyme\\\/#primaryimage\"},\"image\":{\"@id\":\"https:\\\/\\\/azu-uffenheim.de\\\/fr\\\/vaccinations-contre-la-meningo-encephalite-a-tiques-tbe-et-la-maladie-de-lyme\\\/#primaryimage\"},\"thumbnailUrl\":\"https:\\\/\\\/azu-uffenheim.de\\\/wp-content\\\/uploads\\\/2025\\\/03\\\/AzuUffenheimBild00099-1024x576-1.jpg\",\"datePublished\":\"2025-03-19T12:41:55+00:00\",\"breadcrumb\":{\"@id\":\"https:\\\/\\\/azu-uffenheim.de\\\/fr\\\/vaccinations-contre-la-meningo-encephalite-a-tiques-tbe-et-la-maladie-de-lyme\\\/#breadcrumb\"},\"inLanguage\":\"fr-FR\",\"potentialAction\":[{\"@type\":\"ReadAction\",\"target\":[\"https:\\\/\\\/azu-uffenheim.de\\\/fr\\\/vaccinations-contre-la-meningo-encephalite-a-tiques-tbe-et-la-maladie-de-lyme\\\/\"]}]},{\"@type\":\"ImageObject\",\"inLanguage\":\"fr-FR\",\"@id\":\"https:\\\/\\\/azu-uffenheim.de\\\/fr\\\/vaccinations-contre-la-meningo-encephalite-a-tiques-tbe-et-la-maladie-de-lyme\\\/#primaryimage\",\"url\":\"https:\\\/\\\/azu-uffenheim.de\\\/wp-content\\\/uploads\\\/2025\\\/03\\\/AzuUffenheimBild00099-1024x576-1.jpg\",\"contentUrl\":\"https:\\\/\\\/azu-uffenheim.de\\\/wp-content\\\/uploads\\\/2025\\\/03\\\/AzuUffenheimBild00099-1024x576-1.jpg\",\"width\":1024,\"height\":576,\"caption\":\"Illustratives Foto zur medizinischen Thematik\"},{\"@type\":\"BreadcrumbList\",\"@id\":\"https:\\\/\\\/azu-uffenheim.de\\\/fr\\\/vaccinations-contre-la-meningo-encephalite-a-tiques-tbe-et-la-maladie-de-lyme\\\/#breadcrumb\",\"itemListElement\":[{\"@type\":\"ListItem\",\"position\":1,\"name\":\"\u0413\u043b\u0430\u0432\u043d\u0430\u044f \u0441\u0442\u0440\u0430\u043d\u0438\u0446\u0430\",\"item\":\"https:\\\/\\\/azu-uffenheim.de\\\/fr\\\/\"},{\"@type\":\"ListItem\",\"position\":2,\"name\":\"Vaccinations contre la m\u00e9ningo-enc\u00e9phalite \u00e0 tiques (TBE) et la maladie de Lyme\"}]},{\"@type\":\"WebSite\",\"@id\":\"https:\\\/\\\/azu-uffenheim.de\\\/#website\",\"url\":\"https:\\\/\\\/azu-uffenheim.de\\\/\",\"name\":\"azu-uffenheim.de\",\"description\":\"IHR MEDIZINISCHES  VERSORGUNGSZENTRUM IN UFFENHEIM\",\"publisher\":{\"@id\":\"https:\\\/\\\/azu-uffenheim.de\\\/#organization\"},\"potentialAction\":[{\"@type\":\"SearchAction\",\"target\":{\"@type\":\"EntryPoint\",\"urlTemplate\":\"https:\\\/\\\/azu-uffenheim.de\\\/?s={search_term_string}\"},\"query-input\":{\"@type\":\"PropertyValueSpecification\",\"valueRequired\":true,\"valueName\":\"search_term_string\"}}],\"inLanguage\":\"fr-FR\"},{\"@type\":\"Organization\",\"@id\":\"https:\\\/\\\/azu-uffenheim.de\\\/#organization\",\"name\":\"ZU \u00c4RZTEZENTRUM UFFENHEIM\",\"url\":\"https:\\\/\\\/azu-uffenheim.de\\\/\",\"logo\":{\"@type\":\"ImageObject\",\"inLanguage\":\"fr-FR\",\"@id\":\"https:\\\/\\\/azu-uffenheim.de\\\/#\\\/schema\\\/logo\\\/image\\\/\",\"url\":\"https:\\\/\\\/azu-uffenheim.de\\\/wp-content\\\/uploads\\\/2024\\\/12\\\/AZU_Logo_Farbig.png\",\"contentUrl\":\"https:\\\/\\\/azu-uffenheim.de\\\/wp-content\\\/uploads\\\/2024\\\/12\\\/AZU_Logo_Farbig.png\",\"width\":3143,\"height\":532,\"caption\":\"ZU \u00c4RZTEZENTRUM UFFENHEIM\"},\"image\":{\"@id\":\"https:\\\/\\\/azu-uffenheim.de\\\/#\\\/schema\\\/logo\\\/image\\\/\"}},{\"@type\":\"Person\",\"@id\":\"https:\\\/\\\/azu-uffenheim.de\\\/#\\\/schema\\\/person\\\/2c283feea9908ff438388908bf3b3000\",\"name\":\"admin\",\"sameAs\":[\"https:\\\/\\\/9000web.com\\\/azu\"],\"url\":\"https:\\\/\\\/azu-uffenheim.de\\\/fr\\\/author\\\/admin\\\/\"}]}<\/script>\n<!-- \/ Yoast SEO plugin. -->","yoast_head_json":{"title":"Vaccinations contre la m\u00e9ningo-enc\u00e9phalite \u00e0 tiques (TBE) et la maladie de Lyme - azu-uffenheim.de","robots":{"index":"index","follow":"follow","max-snippet":"max-snippet:-1","max-image-preview":"max-image-preview:large","max-video-preview":"max-video-preview:-1"},"canonical":"https:\/\/azu-uffenheim.de\/fr\/vaccinations-contre-la-meningo-encephalite-a-tiques-tbe-et-la-maladie-de-lyme\/","og_locale":"fr_FR","og_type":"article","og_title":"Vaccinations contre la m\u00e9ningo-enc\u00e9phalite \u00e0 tiques (TBE) et la maladie de Lyme - azu-uffenheim.de","og_description":"Avec la hausse des temp\u00e9ratures au printemps, l\u2019activit\u00e9 des tiques augmente consid\u00e9rablement. En raison d\u2019un nombre r\u00e9duit de jours de gel, les tiques manifestent d\u00e9sormais une activit\u00e9 accrue en hiver. Cela entra\u00eene un risque presque constant tout au long de l\u2019ann\u00e9e de transmission de la m\u00e9ningo-enc\u00e9phalite \u00e0 tiques (TBE), de la maladie de Lyme et","og_url":"https:\/\/azu-uffenheim.de\/fr\/vaccinations-contre-la-meningo-encephalite-a-tiques-tbe-et-la-maladie-de-lyme\/","og_site_name":"azu-uffenheim.de","article_published_time":"2025-03-19T12:41:55+00:00","og_image":[{"width":1024,"height":576,"url":"https:\/\/azu-uffenheim.de\/wp-content\/uploads\/2025\/03\/AzuUffenheimBild00099-1024x576-1.jpg","type":"image\/jpeg"}],"author":"admin","twitter_card":"summary_large_image","twitter_misc":{"\u00c9crit par":"admin","Dur\u00e9e de lecture estim\u00e9e":"3 minutes"},"schema":{"@context":"https:\/\/schema.org","@graph":[{"@type":"Article","@id":"https:\/\/azu-uffenheim.de\/fr\/vaccinations-contre-la-meningo-encephalite-a-tiques-tbe-et-la-maladie-de-lyme\/#article","isPartOf":{"@id":"https:\/\/azu-uffenheim.de\/fr\/vaccinations-contre-la-meningo-encephalite-a-tiques-tbe-et-la-maladie-de-lyme\/"},"author":{"name":"admin","@id":"https:\/\/azu-uffenheim.de\/#\/schema\/person\/2c283feea9908ff438388908bf3b3000"},"headline":"Vaccinations contre la m\u00e9ningo-enc\u00e9phalite \u00e0 tiques (TBE) et la maladie de Lyme","datePublished":"2025-03-19T12:41:55+00:00","mainEntityOfPage":{"@id":"https:\/\/azu-uffenheim.de\/fr\/vaccinations-contre-la-meningo-encephalite-a-tiques-tbe-et-la-maladie-de-lyme\/"},"wordCount":543,"publisher":{"@id":"https:\/\/azu-uffenheim.de\/#organization"},"image":{"@id":"https:\/\/azu-uffenheim.de\/fr\/vaccinations-contre-la-meningo-encephalite-a-tiques-tbe-et-la-maladie-de-lyme\/#primaryimage"},"thumbnailUrl":"https:\/\/azu-uffenheim.de\/wp-content\/uploads\/2025\/03\/AzuUffenheimBild00099-1024x576-1.jpg","articleSection":["Conseils de sant\u00e9"],"inLanguage":"fr-FR"},{"@type":"WebPage","@id":"https:\/\/azu-uffenheim.de\/fr\/vaccinations-contre-la-meningo-encephalite-a-tiques-tbe-et-la-maladie-de-lyme\/","url":"https:\/\/azu-uffenheim.de\/fr\/vaccinations-contre-la-meningo-encephalite-a-tiques-tbe-et-la-maladie-de-lyme\/","name":"Vaccinations contre la m\u00e9ningo-enc\u00e9phalite \u00e0 tiques (TBE) et la maladie de Lyme - azu-uffenheim.de","isPartOf":{"@id":"https:\/\/azu-uffenheim.de\/#website"},"primaryImageOfPage":{"@id":"https:\/\/azu-uffenheim.de\/fr\/vaccinations-contre-la-meningo-encephalite-a-tiques-tbe-et-la-maladie-de-lyme\/#primaryimage"},"image":{"@id":"https:\/\/azu-uffenheim.de\/fr\/vaccinations-contre-la-meningo-encephalite-a-tiques-tbe-et-la-maladie-de-lyme\/#primaryimage"},"thumbnailUrl":"https:\/\/azu-uffenheim.de\/wp-content\/uploads\/2025\/03\/AzuUffenheimBild00099-1024x576-1.jpg","datePublished":"2025-03-19T12:41:55+00:00","breadcrumb":{"@id":"https:\/\/azu-uffenheim.de\/fr\/vaccinations-contre-la-meningo-encephalite-a-tiques-tbe-et-la-maladie-de-lyme\/#breadcrumb"},"inLanguage":"fr-FR","potentialAction":[{"@type":"ReadAction","target":["https:\/\/azu-uffenheim.de\/fr\/vaccinations-contre-la-meningo-encephalite-a-tiques-tbe-et-la-maladie-de-lyme\/"]}]},{"@type":"ImageObject","inLanguage":"fr-FR","@id":"https:\/\/azu-uffenheim.de\/fr\/vaccinations-contre-la-meningo-encephalite-a-tiques-tbe-et-la-maladie-de-lyme\/#primaryimage","url":"https:\/\/azu-uffenheim.de\/wp-content\/uploads\/2025\/03\/AzuUffenheimBild00099-1024x576-1.jpg","contentUrl":"https:\/\/azu-uffenheim.de\/wp-content\/uploads\/2025\/03\/AzuUffenheimBild00099-1024x576-1.jpg","width":1024,"height":576,"caption":"Illustratives Foto zur medizinischen Thematik"},{"@type":"BreadcrumbList","@id":"https:\/\/azu-uffenheim.de\/fr\/vaccinations-contre-la-meningo-encephalite-a-tiques-tbe-et-la-maladie-de-lyme\/#breadcrumb","itemListElement":[{"@type":"ListItem","position":1,"name":"\u0413\u043b\u0430\u0432\u043d\u0430\u044f \u0441\u0442\u0440\u0430\u043d\u0438\u0446\u0430","item":"https:\/\/azu-uffenheim.de\/fr\/"},{"@type":"ListItem","position":2,"name":"Vaccinations contre la m\u00e9ningo-enc\u00e9phalite \u00e0 tiques (TBE) et la maladie de Lyme"}]},{"@type":"WebSite","@id":"https:\/\/azu-uffenheim.de\/#website","url":"https:\/\/azu-uffenheim.de\/","name":"azu-uffenheim.de","description":"IHR MEDIZINISCHES  VERSORGUNGSZENTRUM IN UFFENHEIM","publisher":{"@id":"https:\/\/azu-uffenheim.de\/#organization"},"potentialAction":[{"@type":"SearchAction","target":{"@type":"EntryPoint","urlTemplate":"https:\/\/azu-uffenheim.de\/?s={search_term_string}"},"query-input":{"@type":"PropertyValueSpecification","valueRequired":true,"valueName":"search_term_string"}}],"inLanguage":"fr-FR"},{"@type":"Organization","@id":"https:\/\/azu-uffenheim.de\/#organization","name":"ZU \u00c4RZTEZENTRUM UFFENHEIM","url":"https:\/\/azu-uffenheim.de\/","logo":{"@type":"ImageObject","inLanguage":"fr-FR","@id":"https:\/\/azu-uffenheim.de\/#\/schema\/logo\/image\/","url":"https:\/\/azu-uffenheim.de\/wp-content\/uploads\/2024\/12\/AZU_Logo_Farbig.png","contentUrl":"https:\/\/azu-uffenheim.de\/wp-content\/uploads\/2024\/12\/AZU_Logo_Farbig.png","width":3143,"height":532,"caption":"ZU \u00c4RZTEZENTRUM UFFENHEIM"},"image":{"@id":"https:\/\/azu-uffenheim.de\/#\/schema\/logo\/image\/"}},{"@type":"Person","@id":"https:\/\/azu-uffenheim.de\/#\/schema\/person\/2c283feea9908ff438388908bf3b3000","name":"admin","sameAs":["https:\/\/9000web.com\/azu"],"url":"https:\/\/azu-uffenheim.de\/fr\/author\/admin\/"}]}},"_links":{"self":[{"href":"https:\/\/azu-uffenheim.de\/fr\/wp-json\/wp\/v2\/posts\/1043","targetHints":{"allow":["GET"]}}],"collection":[{"href":"https:\/\/azu-uffenheim.de\/fr\/wp-json\/wp\/v2\/posts"}],"about":[{"href":"https:\/\/azu-uffenheim.de\/fr\/wp-json\/wp\/v2\/types\/post"}],"author":[{"embeddable":true,"href":"https:\/\/azu-uffenheim.de\/fr\/wp-json\/wp\/v2\/users\/1"}],"replies":[{"embeddable":true,"href":"https:\/\/azu-uffenheim.de\/fr\/wp-json\/wp\/v2\/comments?post=1043"}],"version-history":[{"count":0,"href":"https:\/\/azu-uffenheim.de\/fr\/wp-json\/wp\/v2\/posts\/1043\/revisions"}],"wp:featuredmedia":[{"embeddable":true,"href":"https:\/\/azu-uffenheim.de\/fr\/wp-json\/wp\/v2\/media\/965"}],"wp:attachment":[{"href":"https:\/\/azu-uffenheim.de\/fr\/wp-json\/wp\/v2\/media?parent=1043"}],"wp:term":[{"taxonomy":"category","embeddable":true,"href":"https:\/\/azu-uffenheim.de\/fr\/wp-json\/wp\/v2\/categories?post=1043"},{"taxonomy":"post_tag","embeddable":true,"href":"https:\/\/azu-uffenheim.de\/fr\/wp-json\/wp\/v2\/tags?post=1043"}],"curies":[{"name":"wp","href":"https:\/\/api.w.org\/{rel}","templated":true}]}}