{"id":1038,"date":"2025-01-03T16:22:26","date_gmt":"2025-01-03T13:22:26","guid":{"rendered":"https:\/\/azu-uffenheim.de\/notre-centre-medical-azu-uffenheim-a-ouvert-ses-portes\/"},"modified":"2025-01-03T16:22:26","modified_gmt":"2025-01-03T13:22:26","slug":"notre-centre-medical-azu-uffenheim-a-ouvert-ses-portes","status":"publish","type":"post","link":"https:\/\/azu-uffenheim.de\/fr\/notre-centre-medical-azu-uffenheim-a-ouvert-ses-portes\/","title":{"rendered":"Notre centre m\u00e9dical AZU Uffenheim a ouvert ses portes !"},"content":{"rendered":"\n<p>C\u2019est avec une grande joie que nous pr\u00e9sentons notre nouveau centre <strong>m\u00e9dical <\/strong><strong>AZU Uffenheim<\/strong>. Lors de la journ\u00e9e portes ouvertes, nous avons eu le plaisir d\u2019accueillir de nombreux visiteurs int\u00e9ress\u00e9s, dont beaucoup ont saisi l\u2019occasion de s\u2019inscrire directement comme patients. <\/p>\n\n\n\n<p>L\u2019ouverture de l\u2019AZU est le fruit d\u2019un processus de planification intensif et de l\u2019engagement de nombreuses personnes. En attendant notre d\u00e9m\u00e9nagement dans les nouveaux locaux de la Wiesenstra\u00dfe, nous sommes temporairement install\u00e9s dans l\u2019ancien b\u00e2timent de la Heiligenfeldklinik. Notre objectif principal reste cependant inchang\u00e9 : garantir des soins m\u00e9dicaux modernes et complets pour la r\u00e9gion, tout en contribuant activement \u00e0 am\u00e9liorer la qualit\u00e9 de vie dans les zones rurales.  <\/p>\n\n\n\n<p>Nous sommes particuli\u00e8rement fiers de notre \u00e9quipe m\u00e9dicale d\u00e9vou\u00e9e et exp\u00e9riment\u00e9e :<\/p>\n\n\n\n<ul class=\"wp-block-list\">\n<li><strong>Julian Zeilner,<\/strong> Directeur m\u00e9dical : Le Dr Zeilner est sp\u00e9cialiste en m\u00e9decine g\u00e9n\u00e9rale, avec de nombreuses qualifications suppl\u00e9mentaires, notamment en m\u00e9decine d\u2019urgence, soins psychosomatiques de base, un dipl\u00f4me en m\u00e9decine alpine et le transport intensif DIVI. Il poss\u00e8de \u00e9galement une expertise en radiologie pour le diagnostic d\u2019urgence. Gr\u00e2ce \u00e0 son vaste savoir-faire et \u00e0 son engagement, il contribue de mani\u00e8re significative \u00e0 assurer des soins de haute qualit\u00e9 au centre m\u00e9dical AZU.  <\/li>\n\n\n\n<li><strong>Wolfgang Barz <\/strong>: De nombreux habitants d\u2019Uffenheim connaissent probablement le Dr Barz pour son ancien r\u00f4le de m\u00e9decin g\u00e9n\u00e9raliste local. Il est sp\u00e9cialiste en m\u00e9decine g\u00e9n\u00e9rale avec une certification suppl\u00e9mentaire en m\u00e9decine palliative et continue de servir comme m\u00e9decin urgentiste actif. Le Dr Barz apporte non seulement son exp\u00e9rience de longue date, mais aussi un profond attachement \u00e0 la r\u00e9gion au sein de notre \u00e9quipe.  <\/li>\n<\/ul>\n\n\n\n<p>Nos locaux sont \u00e9quip\u00e9s d\u2019installations modernes et des derni\u00e8res technologies m\u00e9dicales pour vous offrir des soins optimaux. Les retours positifs et le grand soutien re\u00e7us lors de notre journ\u00e9e portes ouvertes ont renforc\u00e9 notre mission. <\/p>\n\n\n\n<p>Un merci particulier \u00e0 la ville d\u2019Uffenheim, \u00e0 notre maire Wolfgang Lampe et \u00e0 toutes les personnes ayant contribu\u00e9 \u00e0 la r\u00e9alisation de ce projet.<\/p>\n\n\n\n<p>Nous avons h\u00e2te de vous accueillir dans notre centre m\u00e9dical\u2014vous \u00eates les bienvenus !<\/p>\n","protected":false},"excerpt":{"rendered":"<p>C\u2019est avec une grande joie que nous pr\u00e9sentons notre nouveau centre m\u00e9dical AZU Uffenheim. Lors de la journ\u00e9e portes ouvertes, nous avons eu le plaisir d\u2019accueillir de nombreux visiteurs int\u00e9ress\u00e9s, dont beaucoup ont saisi l\u2019occasion de s\u2019inscrire directement comme patients. L\u2019ouverture de l\u2019AZU est le fruit d\u2019un processus de planification intensif et de l\u2019engagement de<\/p>\n","protected":false},"author":1,"featured_media":878,"comment_status":"closed","ping_status":"closed","sticky":false,"template":"","format":"standard","meta":{"footnotes":""},"categories":[55],"tags":[],"class_list":["post-1038","post","type-post","status-publish","format-standard","has-post-thumbnail","hentry","category-nouvelles"],"yoast_head":"<!-- This site is optimized with the Yoast SEO plugin v27.4 - https:\/\/yoast.com\/product\/yoast-seo-wordpress\/ -->\n<title>Notre centre m\u00e9dical AZU Uffenheim a ouvert ses portes ! - azu-uffenheim.de<\/title>\n<meta name=\"description\" content=\"C\u2019est avec une grande joie que nous pr\u00e9sentons notre nouveau centre m\u00e9dical AZU Uffenheim. Lors de la journ\u00e9e portes ouvertes, nous avons eu le plaisir d\u2019accueillir de nombreux visiteurs int\u00e9ress\u00e9s, dont beaucoup ont saisi l\u2019occasion de s\u2019inscrire directement comme patients.\" \/>\n<meta name=\"robots\" content=\"index, follow, max-snippet:-1, max-image-preview:large, max-video-preview:-1\" \/>\n<link rel=\"canonical\" href=\"https:\/\/azu-uffenheim.de\/fr\/notre-centre-medical-azu-uffenheim-a-ouvert-ses-portes\/\" \/>\n<meta property=\"og:locale\" content=\"fr_FR\" \/>\n<meta property=\"og:type\" content=\"article\" \/>\n<meta property=\"og:title\" content=\"Notre centre m\u00e9dical AZU Uffenheim a ouvert ses portes ! - azu-uffenheim.de\" \/>\n<meta property=\"og:description\" content=\"C\u2019est avec une grande joie que nous pr\u00e9sentons notre nouveau centre m\u00e9dical AZU Uffenheim. Lors de la journ\u00e9e portes ouvertes, nous avons eu le plaisir d\u2019accueillir de nombreux visiteurs int\u00e9ress\u00e9s, dont beaucoup ont saisi l\u2019occasion de s\u2019inscrire directement comme patients.\" \/>\n<meta property=\"og:url\" content=\"https:\/\/azu-uffenheim.de\/fr\/notre-centre-medical-azu-uffenheim-a-ouvert-ses-portes\/\" \/>\n<meta property=\"og:site_name\" content=\"azu-uffenheim.de\" \/>\n<meta property=\"article:published_time\" content=\"2025-01-03T13:22:26+00:00\" \/>\n<meta property=\"og:image\" content=\"https:\/\/azu-uffenheim.de\/wp-content\/uploads\/2025\/01\/AZUinterior2.jpg\" \/>\n\t<meta property=\"og:image:width\" content=\"1628\" \/>\n\t<meta property=\"og:image:height\" content=\"1080\" \/>\n\t<meta property=\"og:image:type\" content=\"image\/jpeg\" \/>\n<meta name=\"author\" content=\"admin\" \/>\n<meta name=\"twitter:card\" content=\"summary_large_image\" \/>\n<meta name=\"twitter:label1\" content=\"\u00c9crit par\" \/>\n\t<meta name=\"twitter:data1\" content=\"admin\" \/>\n\t<meta name=\"twitter:label2\" content=\"Dur\u00e9e de lecture estim\u00e9e\" \/>\n\t<meta name=\"twitter:data2\" content=\"2 minutes\" \/>\n<script type=\"application\/ld+json\" class=\"yoast-schema-graph\">{\"@context\":\"https:\\\/\\\/schema.org\",\"@graph\":[{\"@type\":\"Article\",\"@id\":\"https:\\\/\\\/azu-uffenheim.de\\\/fr\\\/notre-centre-medical-azu-uffenheim-a-ouvert-ses-portes\\\/#article\",\"isPartOf\":{\"@id\":\"https:\\\/\\\/azu-uffenheim.de\\\/fr\\\/notre-centre-medical-azu-uffenheim-a-ouvert-ses-portes\\\/\"},\"author\":{\"name\":\"admin\",\"@id\":\"https:\\\/\\\/azu-uffenheim.de\\\/#\\\/schema\\\/person\\\/2c283feea9908ff438388908bf3b3000\"},\"headline\":\"Notre centre m\u00e9dical AZU Uffenheim a ouvert ses portes !\",\"datePublished\":\"2025-01-03T13:22:26+00:00\",\"mainEntityOfPage\":{\"@id\":\"https:\\\/\\\/azu-uffenheim.de\\\/fr\\\/notre-centre-medical-azu-uffenheim-a-ouvert-ses-portes\\\/\"},\"wordCount\":396,\"publisher\":{\"@id\":\"https:\\\/\\\/azu-uffenheim.de\\\/#organization\"},\"image\":{\"@id\":\"https:\\\/\\\/azu-uffenheim.de\\\/fr\\\/notre-centre-medical-azu-uffenheim-a-ouvert-ses-portes\\\/#primaryimage\"},\"thumbnailUrl\":\"https:\\\/\\\/azu-uffenheim.de\\\/wp-content\\\/uploads\\\/2025\\\/01\\\/AZUinterior2.jpg\",\"articleSection\":[\"Nouvelles\"],\"inLanguage\":\"fr-FR\"},{\"@type\":\"WebPage\",\"@id\":\"https:\\\/\\\/azu-uffenheim.de\\\/fr\\\/notre-centre-medical-azu-uffenheim-a-ouvert-ses-portes\\\/\",\"url\":\"https:\\\/\\\/azu-uffenheim.de\\\/fr\\\/notre-centre-medical-azu-uffenheim-a-ouvert-ses-portes\\\/\",\"name\":\"Notre centre m\u00e9dical AZU Uffenheim a ouvert ses portes ! - azu-uffenheim.de\",\"isPartOf\":{\"@id\":\"https:\\\/\\\/azu-uffenheim.de\\\/#website\"},\"primaryImageOfPage\":{\"@id\":\"https:\\\/\\\/azu-uffenheim.de\\\/fr\\\/notre-centre-medical-azu-uffenheim-a-ouvert-ses-portes\\\/#primaryimage\"},\"image\":{\"@id\":\"https:\\\/\\\/azu-uffenheim.de\\\/fr\\\/notre-centre-medical-azu-uffenheim-a-ouvert-ses-portes\\\/#primaryimage\"},\"thumbnailUrl\":\"https:\\\/\\\/azu-uffenheim.de\\\/wp-content\\\/uploads\\\/2025\\\/01\\\/AZUinterior2.jpg\",\"datePublished\":\"2025-01-03T13:22:26+00:00\",\"description\":\"C\u2019est avec une grande joie que nous pr\u00e9sentons notre nouveau centre m\u00e9dical AZU Uffenheim. Lors de la journ\u00e9e portes ouvertes, nous avons eu le plaisir d\u2019accueillir de nombreux visiteurs int\u00e9ress\u00e9s, dont beaucoup ont saisi l\u2019occasion de s\u2019inscrire directement comme patients.\",\"breadcrumb\":{\"@id\":\"https:\\\/\\\/azu-uffenheim.de\\\/fr\\\/notre-centre-medical-azu-uffenheim-a-ouvert-ses-portes\\\/#breadcrumb\"},\"inLanguage\":\"fr-FR\",\"potentialAction\":[{\"@type\":\"ReadAction\",\"target\":[\"https:\\\/\\\/azu-uffenheim.de\\\/fr\\\/notre-centre-medical-azu-uffenheim-a-ouvert-ses-portes\\\/\"]}]},{\"@type\":\"ImageObject\",\"inLanguage\":\"fr-FR\",\"@id\":\"https:\\\/\\\/azu-uffenheim.de\\\/fr\\\/notre-centre-medical-azu-uffenheim-a-ouvert-ses-portes\\\/#primaryimage\",\"url\":\"https:\\\/\\\/azu-uffenheim.de\\\/wp-content\\\/uploads\\\/2025\\\/01\\\/AZUinterior2.jpg\",\"contentUrl\":\"https:\\\/\\\/azu-uffenheim.de\\\/wp-content\\\/uploads\\\/2025\\\/01\\\/AZUinterior2.jpg\",\"width\":1628,\"height\":1080,\"caption\":\"Gruppenfoto der \u00c4rzte AZU\"},{\"@type\":\"BreadcrumbList\",\"@id\":\"https:\\\/\\\/azu-uffenheim.de\\\/fr\\\/notre-centre-medical-azu-uffenheim-a-ouvert-ses-portes\\\/#breadcrumb\",\"itemListElement\":[{\"@type\":\"ListItem\",\"position\":1,\"name\":\"\u0413\u043b\u0430\u0432\u043d\u0430\u044f \u0441\u0442\u0440\u0430\u043d\u0438\u0446\u0430\",\"item\":\"https:\\\/\\\/azu-uffenheim.de\\\/fr\\\/\"},{\"@type\":\"ListItem\",\"position\":2,\"name\":\"Notre centre m\u00e9dical AZU Uffenheim a ouvert ses portes !\"}]},{\"@type\":\"WebSite\",\"@id\":\"https:\\\/\\\/azu-uffenheim.de\\\/#website\",\"url\":\"https:\\\/\\\/azu-uffenheim.de\\\/\",\"name\":\"azu-uffenheim.de\",\"description\":\"IHR MEDIZINISCHES  VERSORGUNGSZENTRUM IN UFFENHEIM\",\"publisher\":{\"@id\":\"https:\\\/\\\/azu-uffenheim.de\\\/#organization\"},\"potentialAction\":[{\"@type\":\"SearchAction\",\"target\":{\"@type\":\"EntryPoint\",\"urlTemplate\":\"https:\\\/\\\/azu-uffenheim.de\\\/?s={search_term_string}\"},\"query-input\":{\"@type\":\"PropertyValueSpecification\",\"valueRequired\":true,\"valueName\":\"search_term_string\"}}],\"inLanguage\":\"fr-FR\"},{\"@type\":\"Organization\",\"@id\":\"https:\\\/\\\/azu-uffenheim.de\\\/#organization\",\"name\":\"ZU \u00c4RZTEZENTRUM UFFENHEIM\",\"url\":\"https:\\\/\\\/azu-uffenheim.de\\\/\",\"logo\":{\"@type\":\"ImageObject\",\"inLanguage\":\"fr-FR\",\"@id\":\"https:\\\/\\\/azu-uffenheim.de\\\/#\\\/schema\\\/logo\\\/image\\\/\",\"url\":\"https:\\\/\\\/azu-uffenheim.de\\\/wp-content\\\/uploads\\\/2024\\\/12\\\/AZU_Logo_Farbig.png\",\"contentUrl\":\"https:\\\/\\\/azu-uffenheim.de\\\/wp-content\\\/uploads\\\/2024\\\/12\\\/AZU_Logo_Farbig.png\",\"width\":3143,\"height\":532,\"caption\":\"ZU \u00c4RZTEZENTRUM UFFENHEIM\"},\"image\":{\"@id\":\"https:\\\/\\\/azu-uffenheim.de\\\/#\\\/schema\\\/logo\\\/image\\\/\"}},{\"@type\":\"Person\",\"@id\":\"https:\\\/\\\/azu-uffenheim.de\\\/#\\\/schema\\\/person\\\/2c283feea9908ff438388908bf3b3000\",\"name\":\"admin\",\"sameAs\":[\"https:\\\/\\\/9000web.com\\\/azu\"],\"url\":\"https:\\\/\\\/azu-uffenheim.de\\\/fr\\\/author\\\/admin\\\/\"}]}<\/script>\n<!-- \/ Yoast SEO plugin. -->","yoast_head_json":{"title":"Notre centre m\u00e9dical AZU Uffenheim a ouvert ses portes ! - azu-uffenheim.de","description":"C\u2019est avec une grande joie que nous pr\u00e9sentons notre nouveau centre m\u00e9dical AZU Uffenheim. Lors de la journ\u00e9e portes ouvertes, nous avons eu le plaisir d\u2019accueillir de nombreux visiteurs int\u00e9ress\u00e9s, dont beaucoup ont saisi l\u2019occasion de s\u2019inscrire directement comme patients.","robots":{"index":"index","follow":"follow","max-snippet":"max-snippet:-1","max-image-preview":"max-image-preview:large","max-video-preview":"max-video-preview:-1"},"canonical":"https:\/\/azu-uffenheim.de\/fr\/notre-centre-medical-azu-uffenheim-a-ouvert-ses-portes\/","og_locale":"fr_FR","og_type":"article","og_title":"Notre centre m\u00e9dical AZU Uffenheim a ouvert ses portes ! - azu-uffenheim.de","og_description":"C\u2019est avec une grande joie que nous pr\u00e9sentons notre nouveau centre m\u00e9dical AZU Uffenheim. Lors de la journ\u00e9e portes ouvertes, nous avons eu le plaisir d\u2019accueillir de nombreux visiteurs int\u00e9ress\u00e9s, dont beaucoup ont saisi l\u2019occasion de s\u2019inscrire directement comme patients.","og_url":"https:\/\/azu-uffenheim.de\/fr\/notre-centre-medical-azu-uffenheim-a-ouvert-ses-portes\/","og_site_name":"azu-uffenheim.de","article_published_time":"2025-01-03T13:22:26+00:00","og_image":[{"width":1628,"height":1080,"url":"https:\/\/azu-uffenheim.de\/wp-content\/uploads\/2025\/01\/AZUinterior2.jpg","type":"image\/jpeg"}],"author":"admin","twitter_card":"summary_large_image","twitter_misc":{"\u00c9crit par":"admin","Dur\u00e9e de lecture estim\u00e9e":"2 minutes"},"schema":{"@context":"https:\/\/schema.org","@graph":[{"@type":"Article","@id":"https:\/\/azu-uffenheim.de\/fr\/notre-centre-medical-azu-uffenheim-a-ouvert-ses-portes\/#article","isPartOf":{"@id":"https:\/\/azu-uffenheim.de\/fr\/notre-centre-medical-azu-uffenheim-a-ouvert-ses-portes\/"},"author":{"name":"admin","@id":"https:\/\/azu-uffenheim.de\/#\/schema\/person\/2c283feea9908ff438388908bf3b3000"},"headline":"Notre centre m\u00e9dical AZU Uffenheim a ouvert ses portes !","datePublished":"2025-01-03T13:22:26+00:00","mainEntityOfPage":{"@id":"https:\/\/azu-uffenheim.de\/fr\/notre-centre-medical-azu-uffenheim-a-ouvert-ses-portes\/"},"wordCount":396,"publisher":{"@id":"https:\/\/azu-uffenheim.de\/#organization"},"image":{"@id":"https:\/\/azu-uffenheim.de\/fr\/notre-centre-medical-azu-uffenheim-a-ouvert-ses-portes\/#primaryimage"},"thumbnailUrl":"https:\/\/azu-uffenheim.de\/wp-content\/uploads\/2025\/01\/AZUinterior2.jpg","articleSection":["Nouvelles"],"inLanguage":"fr-FR"},{"@type":"WebPage","@id":"https:\/\/azu-uffenheim.de\/fr\/notre-centre-medical-azu-uffenheim-a-ouvert-ses-portes\/","url":"https:\/\/azu-uffenheim.de\/fr\/notre-centre-medical-azu-uffenheim-a-ouvert-ses-portes\/","name":"Notre centre m\u00e9dical AZU Uffenheim a ouvert ses portes ! - azu-uffenheim.de","isPartOf":{"@id":"https:\/\/azu-uffenheim.de\/#website"},"primaryImageOfPage":{"@id":"https:\/\/azu-uffenheim.de\/fr\/notre-centre-medical-azu-uffenheim-a-ouvert-ses-portes\/#primaryimage"},"image":{"@id":"https:\/\/azu-uffenheim.de\/fr\/notre-centre-medical-azu-uffenheim-a-ouvert-ses-portes\/#primaryimage"},"thumbnailUrl":"https:\/\/azu-uffenheim.de\/wp-content\/uploads\/2025\/01\/AZUinterior2.jpg","datePublished":"2025-01-03T13:22:26+00:00","description":"C\u2019est avec une grande joie que nous pr\u00e9sentons notre nouveau centre m\u00e9dical AZU Uffenheim. Lors de la journ\u00e9e portes ouvertes, nous avons eu le plaisir d\u2019accueillir de nombreux visiteurs int\u00e9ress\u00e9s, dont beaucoup ont saisi l\u2019occasion de s\u2019inscrire directement comme patients.","breadcrumb":{"@id":"https:\/\/azu-uffenheim.de\/fr\/notre-centre-medical-azu-uffenheim-a-ouvert-ses-portes\/#breadcrumb"},"inLanguage":"fr-FR","potentialAction":[{"@type":"ReadAction","target":["https:\/\/azu-uffenheim.de\/fr\/notre-centre-medical-azu-uffenheim-a-ouvert-ses-portes\/"]}]},{"@type":"ImageObject","inLanguage":"fr-FR","@id":"https:\/\/azu-uffenheim.de\/fr\/notre-centre-medical-azu-uffenheim-a-ouvert-ses-portes\/#primaryimage","url":"https:\/\/azu-uffenheim.de\/wp-content\/uploads\/2025\/01\/AZUinterior2.jpg","contentUrl":"https:\/\/azu-uffenheim.de\/wp-content\/uploads\/2025\/01\/AZUinterior2.jpg","width":1628,"height":1080,"caption":"Gruppenfoto der \u00c4rzte AZU"},{"@type":"BreadcrumbList","@id":"https:\/\/azu-uffenheim.de\/fr\/notre-centre-medical-azu-uffenheim-a-ouvert-ses-portes\/#breadcrumb","itemListElement":[{"@type":"ListItem","position":1,"name":"\u0413\u043b\u0430\u0432\u043d\u0430\u044f \u0441\u0442\u0440\u0430\u043d\u0438\u0446\u0430","item":"https:\/\/azu-uffenheim.de\/fr\/"},{"@type":"ListItem","position":2,"name":"Notre centre m\u00e9dical AZU Uffenheim a ouvert ses portes !"}]},{"@type":"WebSite","@id":"https:\/\/azu-uffenheim.de\/#website","url":"https:\/\/azu-uffenheim.de\/","name":"azu-uffenheim.de","description":"IHR MEDIZINISCHES  VERSORGUNGSZENTRUM IN UFFENHEIM","publisher":{"@id":"https:\/\/azu-uffenheim.de\/#organization"},"potentialAction":[{"@type":"SearchAction","target":{"@type":"EntryPoint","urlTemplate":"https:\/\/azu-uffenheim.de\/?s={search_term_string}"},"query-input":{"@type":"PropertyValueSpecification","valueRequired":true,"valueName":"search_term_string"}}],"inLanguage":"fr-FR"},{"@type":"Organization","@id":"https:\/\/azu-uffenheim.de\/#organization","name":"ZU \u00c4RZTEZENTRUM UFFENHEIM","url":"https:\/\/azu-uffenheim.de\/","logo":{"@type":"ImageObject","inLanguage":"fr-FR","@id":"https:\/\/azu-uffenheim.de\/#\/schema\/logo\/image\/","url":"https:\/\/azu-uffenheim.de\/wp-content\/uploads\/2024\/12\/AZU_Logo_Farbig.png","contentUrl":"https:\/\/azu-uffenheim.de\/wp-content\/uploads\/2024\/12\/AZU_Logo_Farbig.png","width":3143,"height":532,"caption":"ZU \u00c4RZTEZENTRUM UFFENHEIM"},"image":{"@id":"https:\/\/azu-uffenheim.de\/#\/schema\/logo\/image\/"}},{"@type":"Person","@id":"https:\/\/azu-uffenheim.de\/#\/schema\/person\/2c283feea9908ff438388908bf3b3000","name":"admin","sameAs":["https:\/\/9000web.com\/azu"],"url":"https:\/\/azu-uffenheim.de\/fr\/author\/admin\/"}]}},"_links":{"self":[{"href":"https:\/\/azu-uffenheim.de\/fr\/wp-json\/wp\/v2\/posts\/1038","targetHints":{"allow":["GET"]}}],"collection":[{"href":"https:\/\/azu-uffenheim.de\/fr\/wp-json\/wp\/v2\/posts"}],"about":[{"href":"https:\/\/azu-uffenheim.de\/fr\/wp-json\/wp\/v2\/types\/post"}],"author":[{"embeddable":true,"href":"https:\/\/azu-uffenheim.de\/fr\/wp-json\/wp\/v2\/users\/1"}],"replies":[{"embeddable":true,"href":"https:\/\/azu-uffenheim.de\/fr\/wp-json\/wp\/v2\/comments?post=1038"}],"version-history":[{"count":0,"href":"https:\/\/azu-uffenheim.de\/fr\/wp-json\/wp\/v2\/posts\/1038\/revisions"}],"wp:featuredmedia":[{"embeddable":true,"href":"https:\/\/azu-uffenheim.de\/fr\/wp-json\/wp\/v2\/media\/878"}],"wp:attachment":[{"href":"https:\/\/azu-uffenheim.de\/fr\/wp-json\/wp\/v2\/media?parent=1038"}],"wp:term":[{"taxonomy":"category","embeddable":true,"href":"https:\/\/azu-uffenheim.de\/fr\/wp-json\/wp\/v2\/categories?post=1038"},{"taxonomy":"post_tag","embeddable":true,"href":"https:\/\/azu-uffenheim.de\/fr\/wp-json\/wp\/v2\/tags?post=1038"}],"curies":[{"name":"wp","href":"https:\/\/api.w.org\/{rel}","templated":true}]}}